{"id":10474,"date":"2024-11-26T17:05:21","date_gmt":"2024-11-26T16:05:21","guid":{"rendered":"https:\/\/claralleal.com\/?p=10474"},"modified":"2026-04-14T11:36:46","modified_gmt":"2026-04-14T09:36:46","slug":"projecte-suite-bany-i-vestidor-oberts","status":"publish","type":"post","link":"https:\/\/claralleal.com\/ca\/projecte-suite-bany-i-vestidor-oberts\/","title":{"rendered":"Una suite amb bany obert: eleg\u00e0ncia i funcionalitat en perfecta harmonia"},"content":{"rendered":"<p><div class=\"fusion-fullwidth fullwidth-box fusion-builder-row-1 fusion-flex-container has-pattern-background has-mask-background nonhundred-percent-fullwidth non-hundred-percent-height-scrolling\" style=\"--awb-border-radius-top-left:0px;--awb-border-radius-top-right:0px;--awb-border-radius-bottom-right:0px;--awb-border-radius-bottom-left:0px;--awb-flex-wrap:wrap;\" ><div class=\"fusion-builder-row fusion-row fusion-flex-align-items-flex-start fusion-flex-content-wrap\" style=\"max-width:1352px;margin-left: calc(-4% \/ 2 );margin-right: calc(-4% \/ 2 );\"><div class=\"fusion-layout-column fusion_builder_column fusion-builder-column-0 fusion_builder_column_1_1 1_1 fusion-flex-column\" style=\"--awb-bg-size:cover;--awb-width-large:100%;--awb-margin-top-large:0px;--awb-spacing-right-large:1.92%;--awb-margin-bottom-large:20px;--awb-spacing-left-large:1.92%;--awb-width-medium:100%;--awb-order-medium:0;--awb-spacing-right-medium:1.92%;--awb-spacing-left-medium:1.92%;--awb-width-small:100%;--awb-order-small:0;--awb-spacing-right-small:1.92%;--awb-spacing-left-small:1.92%;\"><div class=\"fusion-column-wrapper fusion-column-has-shadow fusion-flex-justify-content-flex-start fusion-content-layout-column\"><div class=\"fusion-title title fusion-title-1 fusion-sep-none fusion-title-text fusion-title-size-one\" style=\"--awb-margin-top-small:10px;--awb-margin-right-small:0px;--awb-margin-bottom-small:10px;--awb-margin-left-small:0px;\"><h1 class=\"fusion-title-heading title-heading-left\" style=\"margin:0;\">Una suite amb bany obert: eleg\u00e0ncia i funcionalitat en perfecta harmonia<\/h1><\/div><\/div><\/div><\/div><\/div><div class=\"fusion-fullwidth fullwidth-box fusion-builder-row-2 fusion-flex-container has-pattern-background has-mask-background nonhundred-percent-fullwidth non-hundred-percent-height-scrolling\" style=\"--awb-border-radius-top-left:0px;--awb-border-radius-top-right:0px;--awb-border-radius-bottom-right:0px;--awb-border-radius-bottom-left:0px;--awb-flex-wrap:wrap;\" ><div class=\"fusion-builder-row fusion-row fusion-flex-align-items-flex-start fusion-flex-content-wrap\" style=\"max-width:1352px;margin-left: calc(-4% \/ 2 );margin-right: calc(-4% \/ 2 );\"><div class=\"fusion-layout-column fusion_builder_column fusion-builder-column-1 fusion_builder_column_1_1 1_1 fusion-flex-column fusion-flex-align-self-flex-end\" style=\"--awb-bg-size:cover;--awb-width-large:100%;--awb-margin-top-large:0px;--awb-spacing-right-large:1.92%;--awb-margin-bottom-large:20px;--awb-spacing-left-large:1.92%;--awb-width-medium:100%;--awb-order-medium:0;--awb-spacing-right-medium:1.92%;--awb-spacing-left-medium:1.92%;--awb-width-small:100%;--awb-order-small:0;--awb-spacing-right-small:1.92%;--awb-spacing-left-small:1.92%;\" data-scroll-devices=\"small-visibility,medium-visibility,large-visibility\"><div class=\"fusion-column-wrapper fusion-column-has-shadow fusion-flex-justify-content-flex-start fusion-content-layout-column\"><div class=\"fusion-text fusion-text-1\"><p>Quan el client va acudir al despatx d&#8217;interiorisme de Clara Lleal, buscava transformar una habitaci\u00f3 amb bany est\u00e0ndard, per al que va plantejar diversos requisits: <strong>la suite havia d&#8217;estar formada per una zona de dormitori, vestidor obert i bany, i la zona de rentamans havia d&#8217;estar oberta a l&#8217;estada del dormitori<\/strong>, podent tancar-la amb un gran panell escorredor en moments puntuals. El repte principal era dissenyar un espai obert amb aquests condicionaments, mantenint la intimitat i buscant el toc d&#8217;eleg\u00e0ncia a trav\u00e9s de detalls personalitzats i una est\u00e8tica atemporal.<\/p>\n<\/div><\/div><\/div><\/div><\/div><div class=\"fusion-fullwidth fullwidth-box fusion-builder-row-3 fusion-flex-container has-pattern-background has-mask-background nonhundred-percent-fullwidth non-hundred-percent-height-scrolling\" style=\"--awb-border-radius-top-left:0px;--awb-border-radius-top-right:0px;--awb-border-radius-bottom-right:0px;--awb-border-radius-bottom-left:0px;--awb-flex-wrap:wrap;\" ><div class=\"fusion-builder-row fusion-row fusion-flex-align-items-flex-start fusion-flex-content-wrap\" style=\"max-width:1352px;margin-left: calc(-4% \/ 2 );margin-right: calc(-4% \/ 2 );\"><div class=\"fusion-layout-column fusion_builder_column fusion-builder-column-2 fusion_builder_column_1_2 1_2 fusion-flex-column fusion-flex-align-self-flex-end\" style=\"--awb-bg-size:cover;--awb-width-large:50%;--awb-margin-top-large:0px;--awb-spacing-right-large:3.84%;--awb-margin-bottom-large:20px;--awb-spacing-left-large:3.84%;--awb-width-medium:50%;--awb-order-medium:0;--awb-spacing-right-medium:3.84%;--awb-spacing-left-medium:3.84%;--awb-width-small:100%;--awb-order-small:0;--awb-spacing-right-small:1.92%;--awb-spacing-left-small:1.92%;\" data-scroll-devices=\"small-visibility,medium-visibility,large-visibility\"><div class=\"fusion-column-wrapper fusion-column-has-shadow fusion-flex-justify-content-flex-start fusion-content-layout-column\"><div class=\"fusion-title title fusion-title-2 fusion-sep-none fusion-title-text fusion-title-size-two\" style=\"--awb-margin-top-small:10px;--awb-margin-right-small:0px;--awb-margin-bottom-small:10px;--awb-margin-left-small:0px;\"><h2 class=\"fusion-title-heading title-heading-left\" style=\"margin:0;\">El concepte d&#8217;espais connectats<\/h2><\/div><div class=\"fusion-text fusion-text-2\"><p>En quedar aquesta zona oberta a l&#8217;habitaci\u00f3, vol\u00edem que fos com una prolongaci\u00f3 del mateix dormitori. Un enfocament de suite amb vestidor i bany que buscava <strong>crear una continu\u00eftat visual i est\u00e8tica entre espais<\/strong>, eliminant barreres tradicionals i apostant per una sensaci\u00f3 d&#8217;amplitud.<br \/>\nPer a aconseguir aquesta transici\u00f3 fluida, l&#8217;\u00e0rea del lavabo va ser dissenyada com una extensi\u00f3 del dormitori. Un moble rentamans a mesura, acompanyat per un llum de sobretaula i un quadre decoratiu, aporta una est\u00e8tica que desafia la percepci\u00f3 convencional dels banys, fusionant-los amb el disseny de la resta de l&#8217;habitaci\u00f3 i aconseguint d&#8217;aquesta manera fer la sensaci\u00f3 de no estar en un bany.<\/p>\n<\/div><\/div><\/div><div class=\"fusion-layout-column fusion_builder_column fusion-builder-column-3 fusion_builder_column_1_2 1_2 fusion-flex-column fusion-flex-align-self-flex-end\" style=\"--awb-bg-size:cover;--awb-width-large:50%;--awb-margin-top-large:0px;--awb-spacing-right-large:3.84%;--awb-margin-bottom-large:20px;--awb-spacing-left-large:3.84%;--awb-width-medium:50%;--awb-order-medium:0;--awb-spacing-right-medium:3.84%;--awb-spacing-left-medium:3.84%;--awb-width-small:100%;--awb-order-small:0;--awb-spacing-right-small:1.92%;--awb-spacing-left-small:1.92%;\" data-scroll-devices=\"small-visibility,medium-visibility,large-visibility\"><div class=\"fusion-column-wrapper fusion-column-has-shadow fusion-flex-justify-content-flex-start fusion-content-layout-column\"><div class=\"fusion-title title fusion-title-3 fusion-sep-none fusion-title-text fusion-title-size-two\" style=\"--awb-margin-top-small:10px;--awb-margin-right-small:0px;--awb-margin-bottom-small:10px;--awb-margin-left-small:0px;\"><h2 class=\"fusion-title-heading title-heading-left\" style=\"margin:0;\"><p>Un dormitori<br \/>\nque inspira calma<\/p><\/h2><\/div><div class=\"fusion-text fusion-text-3\"><div>\n<p>A l&#8217;habitaci\u00f3, el disseny juga amb l&#8217;asimetria per a crear un equilibri visual \u00fanic. Sobre el cap\u00e7al del llit es va col\u00b7locar un gran quadre descentrat, la forma i el volum del qual es reflecteixen en el mirall del bany. Per a complementar aquesta composici\u00f3, un estilitzat <strong>llum dempeus, model Sampei, de Davide Groppi<\/strong>, se situa a l&#8217;altre costat del llit, afegint altura i dinamisme al conjunt.<\/p>\n<p>La paleta crom\u00e0tica, en tons pedra, beix i negre, refor\u00e7a la serenitat de l&#8217;espai, mentre que els t\u00e8xtils i la fusta aporten calidesa i un car\u00e0cter acollidor.<\/p>\n<\/div>\n<\/div><\/div><\/div><\/div><\/div><div class=\"fusion-fullwidth fullwidth-box fusion-builder-row-4 fusion-flex-container has-pattern-background has-mask-background nonhundred-percent-fullwidth non-hundred-percent-height-scrolling\" style=\"--awb-border-radius-top-left:0px;--awb-border-radius-top-right:0px;--awb-border-radius-bottom-right:0px;--awb-border-radius-bottom-left:0px;--awb-flex-wrap:wrap;\" ><div class=\"fusion-builder-row fusion-row fusion-flex-align-items-flex-start fusion-flex-content-wrap\" style=\"max-width:1352px;margin-left: calc(-4% \/ 2 );margin-right: calc(-4% \/ 2 );\"><div class=\"fusion-layout-column fusion_builder_column fusion-builder-column-4 fusion_builder_column_1_1 1_1 fusion-flex-column fusion-flex-align-self-flex-end\" style=\"--awb-bg-size:cover;--awb-width-large:100%;--awb-margin-top-large:0px;--awb-spacing-right-large:1.92%;--awb-margin-bottom-large:20px;--awb-spacing-left-large:1.92%;--awb-width-medium:100%;--awb-order-medium:0;--awb-spacing-right-medium:1.92%;--awb-spacing-left-medium:1.92%;--awb-width-small:100%;--awb-order-small:0;--awb-spacing-right-small:1.92%;--awb-spacing-left-small:1.92%;\" data-scroll-devices=\"small-visibility,medium-visibility,large-visibility\"><div class=\"fusion-column-wrapper fusion-column-has-shadow fusion-flex-justify-content-flex-start fusion-content-layout-column\"><div class=\"fusion-title title fusion-title-4 fusion-sep-none fusion-title-text fusion-title-size-two\" style=\"--awb-margin-top-small:10px;--awb-margin-right-small:0px;--awb-margin-bottom-small:10px;--awb-margin-left-small:0px;\"><h2 class=\"fusion-title-heading title-heading-left\" style=\"margin:0;\">Un vestidor obert, funcional i fet a mida<\/h2><\/div><div class=\"fusion-text fusion-text-4\"><p class=\"font8\">Abans d&#8217;accedir al bany, la suite ofereix una zona de vestidor dissenyada a mida per a maximitzar funcionalitat i estil. Dos m\u00f2duls oberts, adaptats a les necessitats espec\u00edfiques del client, permeten un emmagatzematge pr\u00e0ctic i ben organitzat, mantenint la <strong>coher\u00e8ncia est\u00e8tica del conjunt<\/strong>.<\/p>\n<\/div><\/div><\/div><\/div><\/div><div class=\"fusion-fullwidth fullwidth-box fusion-builder-row-5 fusion-flex-container has-pattern-background has-mask-background hundred-percent-fullwidth non-hundred-percent-height-scrolling fusion-animated\" style=\"--awb-border-sizes-left:0;--awb-border-sizes-right:0;--awb-border-radius-top-left:0px;--awb-border-radius-top-right:0px;--awb-border-radius-bottom-right:0px;--awb-border-radius-bottom-left:0px;--awb-flex-wrap:wrap;\" data-animationType=\"slideInUp\" data-animationDuration=\"1.0\" data-animationOffset=\"top-into-view\" ><div class=\"fusion-builder-row fusion-row fusion-flex-align-items-flex-start fusion-flex-justify-content-space-between fusion-flex-content-wrap\" style=\"width:104% !important;max-width:104% !important;margin-left: calc(-4% \/ 2 );margin-right: calc(-4% \/ 2 );\"><div class=\"fusion-layout-column fusion_builder_column fusion-builder-column-5 fusion_builder_column_1_3 1_3 fusion-flex-column\" style=\"--awb-bg-size:cover;--awb-width-large:33.333333333333%;--awb-margin-top-large:0px;--awb-spacing-right-large:5.76%;--awb-margin-bottom-large:20px;--awb-spacing-left-large:5.76%;--awb-width-medium:33.333333333333%;--awb-order-medium:0;--awb-spacing-right-medium:5.76%;--awb-spacing-left-medium:5.76%;--awb-width-small:100%;--awb-order-small:0;--awb-spacing-right-small:1.92%;--awb-spacing-left-small:1.92%;\" data-scroll-devices=\"small-visibility,medium-visibility,large-visibility\"><div class=\"fusion-column-wrapper fusion-column-has-shadow fusion-flex-justify-content-flex-start fusion-content-layout-column\"><\/div><\/div><div class=\"fusion-layout-column fusion_builder_column fusion-builder-column-6 fusion_builder_column_2_3 2_3 fusion-flex-column\" style=\"--awb-bg-size:cover;--awb-width-large:66.666666666667%;--awb-margin-top-large:0px;--awb-spacing-right-large:2.88%;--awb-margin-bottom-large:20px;--awb-spacing-left-large:2.88%;--awb-width-medium:66.666666666667%;--awb-order-medium:0;--awb-spacing-right-medium:2.88%;--awb-spacing-left-medium:2.88%;--awb-width-small:100%;--awb-order-small:0;--awb-spacing-right-small:1.92%;--awb-spacing-left-small:1.92%;\" data-scroll-devices=\"small-visibility,medium-visibility,large-visibility\"><div class=\"fusion-column-wrapper fusion-column-has-shadow fusion-flex-justify-content-space-around fusion-content-layout-column\"><div class=\"fusion-image-element \" style=\"--awb-caption-title-font-family:var(--h2_typography-font-family);--awb-caption-title-font-weight:var(--h2_typography-font-weight);--awb-caption-title-font-style:var(--h2_typography-font-style);--awb-caption-title-size:var(--h2_typography-font-size);--awb-caption-title-transform:var(--h2_typography-text-transform);--awb-caption-title-line-height:var(--h2_typography-line-height);--awb-caption-title-letter-spacing:var(--h2_typography-letter-spacing);\"><span class=\" fusion-imageframe imageframe-none imageframe-1 hover-type-none\"><img decoding=\"async\" width=\"1024\" height=\"709\" alt=\"Vista del cubo de madera\" title=\"suite amb vestidor i bany\" src=\"https:\/\/claralleal.com\/wp-content\/uploads\/2024\/11\/clara-lleal-suite-amb-vestidor-i-bano-1024x709.jpg\" class=\"img-responsive wp-image-10483\" srcset=\"https:\/\/claralleal.com\/wp-content\/uploads\/2024\/11\/clara-lleal-suite-amb-vestidor-i-bano-200x139.jpg 200w, https:\/\/claralleal.com\/wp-content\/uploads\/2024\/11\/clara-lleal-suite-amb-vestidor-i-bano-400x277.jpg 400w, https:\/\/claralleal.com\/wp-content\/uploads\/2024\/11\/clara-lleal-suite-amb-vestidor-i-bano-600x416.jpg 600w, https:\/\/claralleal.com\/wp-content\/uploads\/2024\/11\/clara-lleal-suite-amb-vestidor-i-bano-800x554.jpg 800w, https:\/\/claralleal.com\/wp-content\/uploads\/2024\/11\/clara-lleal-suite-amb-vestidor-i-bano-1200x831.jpg 1200w, https:\/\/claralleal.com\/wp-content\/uploads\/2024\/11\/clara-lleal-suite-amb-vestidor-i-bano.jpg 1920w\" sizes=\"(max-width: 640px) 100vw, 1200px\" \/><\/span><\/div><\/div><\/div><\/div><\/div><div class=\"fusion-fullwidth fullwidth-box fusion-builder-row-6 fusion-flex-container has-pattern-background has-mask-background nonhundred-percent-fullwidth non-hundred-percent-height-scrolling\" style=\"--awb-border-radius-top-left:0px;--awb-border-radius-top-right:0px;--awb-border-radius-bottom-right:0px;--awb-border-radius-bottom-left:0px;--awb-flex-wrap:wrap;\" ><div class=\"fusion-builder-row fusion-row fusion-flex-align-items-flex-start fusion-flex-content-wrap\" style=\"max-width:1352px;margin-left: calc(-4% \/ 2 );margin-right: calc(-4% \/ 2 );\"><div class=\"fusion-layout-column fusion_builder_column fusion-builder-column-7 fusion_builder_column_1_1 1_1 fusion-flex-column fusion-flex-align-self-flex-end\" style=\"--awb-bg-size:cover;--awb-width-large:100%;--awb-margin-top-large:0px;--awb-spacing-right-large:1.92%;--awb-margin-bottom-large:20px;--awb-spacing-left-large:1.92%;--awb-width-medium:100%;--awb-order-medium:0;--awb-spacing-right-medium:1.92%;--awb-spacing-left-medium:1.92%;--awb-width-small:100%;--awb-order-small:0;--awb-spacing-right-small:1.92%;--awb-spacing-left-small:1.92%;\" data-scroll-devices=\"small-visibility,medium-visibility,large-visibility\"><div class=\"fusion-column-wrapper fusion-column-has-shadow fusion-flex-justify-content-flex-start fusion-content-layout-column\"><div class=\"fusion-title title fusion-title-5 fusion-sep-none fusion-title-text fusion-title-size-two\" style=\"--awb-margin-top-small:10px;--awb-margin-right-small:0px;--awb-margin-bottom-small:10px;--awb-margin-left-small:0px;\"><h2 class=\"fusion-title-heading title-heading-left\" style=\"margin:0;\"><p class=\"font8\">Un dormitori amb bany en suite que reinterpreta l&#8217;eleg\u00e0ncia<\/p><\/h2><\/div><div class=\"fusion-text fusion-text-5\"><p>Per a aquest dormitori amb bany en suite, el bany es dissenya per complet a mesura, combinant materials d&#8217;alta qualitat i detalls sofisticats. El rentamans dempeus en porcell\u00e0nic negre es coordina amb el marc del mirall, que, igual que el quadre del dormitori, es troba descentrat per a mantenir la narrativa visual de la suite. Dos\u00a0<strong>aplica, Aura de Marset<\/strong>, en acabat vaig fumar, realcen la il\u00b7luminaci\u00f3, creant un ambient c\u00e0lid i refinat.<\/p>\n<p>La placa de cocci\u00f3 del bany, tamb\u00e9 en porcell\u00e0nic, destaca en un elegant to pedra que se superposa amb un moble baix revestit amb <strong>el mateix parquet del dormitori<\/strong>. Aquest detall, <strong>obra de Moskito Parquets<\/strong>, unifica tots dos espais, mentre que els elements decoratius, com el <strong>llum Otollo de Oluce<\/strong> i un quadre en tons beix i negre, accentuen l&#8217;atmosfera de sofisticaci\u00f3.<\/p>\n<\/div><\/div><\/div><\/div><\/div><div class=\"fusion-fullwidth fullwidth-box fusion-builder-row-7 fusion-flex-container has-pattern-background has-mask-background nonhundred-percent-fullwidth non-hundred-percent-height-scrolling\" style=\"--awb-border-radius-top-left:0px;--awb-border-radius-top-right:0px;--awb-border-radius-bottom-right:0px;--awb-border-radius-bottom-left:0px;--awb-flex-wrap:wrap;\" ><div class=\"fusion-builder-row fusion-row fusion-flex-align-items-flex-start fusion-flex-content-wrap\" style=\"max-width:1352px;margin-left: calc(-4% \/ 2 );margin-right: calc(-4% \/ 2 );\"><div class=\"fusion-layout-column fusion_builder_column fusion-builder-column-8 fusion_builder_column_1_1 1_1 fusion-flex-column fusion-flex-align-self-flex-end\" style=\"--awb-bg-size:cover;--awb-width-large:100%;--awb-margin-top-large:0px;--awb-spacing-right-large:1.92%;--awb-margin-bottom-large:20px;--awb-spacing-left-large:1.92%;--awb-width-medium:100%;--awb-order-medium:0;--awb-spacing-right-medium:1.92%;--awb-spacing-left-medium:1.92%;--awb-width-small:100%;--awb-order-small:0;--awb-spacing-right-small:1.92%;--awb-spacing-left-small:1.92%;\" data-scroll-devices=\"small-visibility,medium-visibility,large-visibility\"><div class=\"fusion-column-wrapper fusion-column-has-shadow fusion-flex-justify-content-flex-start fusion-content-layout-column\"><div class=\"fusion-title title fusion-title-6 fusion-sep-none fusion-title-text fusion-title-size-two\" style=\"--awb-margin-top-small:10px;--awb-margin-right-small:0px;--awb-margin-bottom-small:10px;--awb-margin-left-small:0px;\"><h2 class=\"fusion-title-heading title-heading-left\" style=\"margin:0;\"><p class=\"font8\">Un disseny atemporal i minimalista<\/p><\/h2><\/div><div class=\"fusion-text fusion-text-6\"><p>El resultat final \u00e9s un espai que combina eleg\u00e0ncia n\u00edtida amb una acollidora calidesa. L\u00ednies minimalistes i colors neutres s&#8217;entrellacen per a crear un ambient ser\u00e8 i atemporal, on cada element t\u00e9 el seu prop\u00f2sit i contribueix a una narrativa est\u00e8tica coherent.<\/p>\n<p>Aquest projecte no sols <strong>redefineix el concepte d&#8217;un dormitori en suite amb vestidor i bany obert<\/strong>, sin\u00f3 que eleva l&#8217;experi\u00e8ncia del dia a dia amb disseny, funcionalitat i bellesa en perfecta harmonia.<\/p>\n<\/div><\/div><\/div><\/div><\/div><div class=\"fusion-fullwidth fullwidth-box fusion-builder-row-8 fusion-flex-container has-pattern-background has-mask-background nonhundred-percent-fullwidth non-hundred-percent-height-scrolling\" style=\"--awb-border-radius-top-left:0px;--awb-border-radius-top-right:0px;--awb-border-radius-bottom-right:0px;--awb-border-radius-bottom-left:0px;--awb-margin-top:50px;--awb-margin-bottom:50px;--awb-flex-wrap:wrap;\" ><div class=\"fusion-builder-row fusion-row fusion-flex-align-items-flex-start fusion-flex-content-wrap\" style=\"max-width:1352px;margin-left: calc(-4% \/ 2 );margin-right: calc(-4% \/ 2 );\"><div class=\"fusion-layout-column fusion_builder_column fusion-builder-column-9 fusion_builder_column_1_2 1_2 fusion-flex-column\" style=\"--awb-bg-size:cover;--awb-width-large:50%;--awb-margin-top-large:0px;--awb-spacing-right-large:3.84%;--awb-margin-bottom-large:20px;--awb-spacing-left-large:3.84%;--awb-width-medium:50%;--awb-order-medium:0;--awb-spacing-right-medium:3.84%;--awb-spacing-left-medium:3.84%;--awb-width-small:100%;--awb-order-small:0;--awb-spacing-right-small:1.92%;--awb-spacing-left-small:1.92%;\"><div class=\"fusion-column-wrapper fusion-column-has-shadow fusion-flex-justify-content-flex-start fusion-content-layout-column\"><div class=\"fusion-text fusion-text-7 texto-negro\" id=\"texto-negro\"><p><strong>T&#8217;ha agradat aquest projecte?<\/strong><\/p>\n<\/div><div class=\"fusion-title title fusion-title-7 fusion-sep-none fusion-title-text fusion-title-size-two\" style=\"--awb-margin-top-small:10px;--awb-margin-right-small:0px;--awb-margin-bottom-small:10px;--awb-margin-left-small:0px;\"><h2 class=\"fusion-title-heading title-heading-left\" style=\"margin:0;\">Explica&#8217;ns qu\u00e8 podem fer junts<\/h2><\/div><\/div><\/div><div class=\"fusion-layout-column fusion_builder_column fusion-builder-column-10 fusion_builder_column_1_2 1_2 fusion-flex-column fusion-no-small-visibility\" style=\"--awb-bg-size:cover;--awb-width-large:50%;--awb-margin-top-large:0px;--awb-spacing-right-large:3.84%;--awb-margin-bottom-large:20px;--awb-spacing-left-large:3.84%;--awb-width-medium:50%;--awb-order-medium:0;--awb-spacing-right-medium:3.84%;--awb-spacing-left-medium:3.84%;--awb-width-small:100%;--awb-order-small:0;--awb-spacing-right-small:1.92%;--awb-spacing-left-small:1.92%;\" data-scroll-devices=\"small-visibility,medium-visibility,large-visibility\"><div class=\"fusion-column-wrapper fusion-column-has-shadow fusion-flex-justify-content-flex-start fusion-content-layout-column\"><div class=\"fusion-separator fusion-full-width-sep\" style=\"align-self: flex-end;margin-left:auto;margin-top:100px;width:100%;\"><div class=\"fusion-separator-border sep-single sep-solid\" style=\"--awb-height:20px;--awb-amount:20px;--awb-sep-color:#000000;border-color:#000000;border-top-width:1px;\"><\/div><\/div><\/div><\/div><div class=\"fusion-layout-column fusion_builder_column fusion-builder-column-11 fusion_builder_column_1_3 1_3 fusion-flex-column\" style=\"--awb-bg-image:url(&#039;https:\/\/claralleal.com\/wp-content\/uploads\/2024\/02\/clara-lleal-formulario.webp&#039;);--awb-bg-size:cover;--awb-width-large:33.333333333333%;--awb-margin-top-large:0px;--awb-spacing-right-large:5.76%;--awb-margin-bottom-large:20px;--awb-spacing-left-large:5.76%;--awb-width-medium:33.333333333333%;--awb-order-medium:0;--awb-spacing-right-medium:5.76%;--awb-spacing-left-medium:5.76%;--awb-width-small:100%;--awb-order-small:0;--awb-spacing-right-small:1.92%;--awb-spacing-left-small:1.92%;\" data-scroll-devices=\"small-visibility,medium-visibility,large-visibility\"><div class=\"fusion-column-wrapper fusion-column-has-shadow fusion-flex-justify-content-flex-start fusion-content-layout-column fusion-column-has-bg-image\" data-bg-url=\"https:\/\/claralleal.com\/wp-content\/uploads\/2024\/02\/clara-lleal-formulario.webp\"><div class=\"fusion-image-element \" style=\"--awb-caption-title-font-family:var(--h2_typography-font-family);--awb-caption-title-font-weight:var(--h2_typography-font-weight);--awb-caption-title-font-style:var(--h2_typography-font-style);--awb-caption-title-size:var(--h2_typography-font-size);--awb-caption-title-transform:var(--h2_typography-text-transform);--awb-caption-title-line-height:var(--h2_typography-line-height);--awb-caption-title-letter-spacing:var(--h2_typography-letter-spacing);\"><span class=\" fusion-imageframe imageframe-none imageframe-2 hover-type-none\"><img decoding=\"async\" width=\"1000\" height=\"1243\" alt=\"Clara Lleal Barcelona\" title=\"Clara Lleal Barcelona\" src=\"https:\/\/claralleal.com\/wp-content\/uploads\/2024\/02\/clara-lleal-formulario.webp\" class=\"img-responsive wp-image-10352\" srcset=\"https:\/\/claralleal.com\/wp-content\/uploads\/2024\/02\/clara-lleal-formulario-200x249.webp 200w, https:\/\/claralleal.com\/wp-content\/uploads\/2024\/02\/clara-lleal-formulario-400x497.webp 400w, https:\/\/claralleal.com\/wp-content\/uploads\/2024\/02\/clara-lleal-formulario-600x746.webp 600w, https:\/\/claralleal.com\/wp-content\/uploads\/2024\/02\/clara-lleal-formulario-800x994.webp 800w, https:\/\/claralleal.com\/wp-content\/uploads\/2024\/02\/clara-lleal-formulario.webp 1000w\" sizes=\"(max-width: 640px) 100vw, 400px\" \/><\/span><\/div><\/div><\/div><div class=\"fusion-layout-column fusion_builder_column fusion-builder-column-12 fusion_builder_column_2_3 2_3 fusion-flex-column\" style=\"--awb-bg-size:cover;--awb-width-large:66.666666666667%;--awb-margin-top-large:0px;--awb-spacing-right-large:2.88%;--awb-margin-bottom-large:20px;--awb-spacing-left-large:2.88%;--awb-width-medium:66.666666666667%;--awb-order-medium:0;--awb-spacing-right-medium:2.88%;--awb-spacing-left-medium:2.88%;--awb-width-small:100%;--awb-order-small:0;--awb-spacing-right-small:1.92%;--awb-spacing-left-small:1.92%;\"><div class=\"fusion-column-wrapper fusion-column-has-shadow fusion-flex-justify-content-flex-start fusion-content-layout-column\">\n<div class=\"wpcf7 no-js\" id=\"wpcf7-f10469-o1\" lang=\"es-ES\" dir=\"ltr\" data-wpcf7-id=\"10469\">\n<div class=\"screen-reader-response\"><p role=\"status\" aria-live=\"polite\" aria-atomic=\"true\"><\/p> <ul><\/ul><\/div>\n<form action=\"\/ca\/wp-json\/wp\/v2\/posts\/10474\/#wpcf7-f10469-o1\" method=\"post\" class=\"wpcf7-form init wpcf7-acceptance-as-validation\" aria-label=\"Formulario de contacto\" novalidate=\"novalidate\" data-status=\"init\">\n<fieldset class=\"hidden-fields-container\"><input type=\"hidden\" name=\"_wpcf7\" value=\"10469\" \/><input type=\"hidden\" name=\"_wpcf7_version\" value=\"6.1.5\" \/><input type=\"hidden\" name=\"_wpcf7_locale\" value=\"es_ES\" \/><input type=\"hidden\" name=\"_wpcf7_unit_tag\" value=\"wpcf7-f10469-o1\" \/><input type=\"hidden\" name=\"_wpcf7_container_post\" value=\"0\" \/><input type=\"hidden\" name=\"_wpcf7_posted_data_hash\" value=\"\" \/><input type=\"hidden\" name=\"_wpcf7_recaptcha_response\" value=\"\" \/>\n<\/fieldset>\n<div class=\"formulario-ppal\">\n\t<div class=\"formulario-ppal-row-1\">\n\t\t<div>\n\t\t\t<p><label class=\"label-nobre\">Nom*<br \/>\n<span class=\"wpcf7-form-control-wrap\" data-name=\"your-name\"><input size=\"40\" maxlength=\"400\" class=\"wpcf7-form-control wpcf7-text wpcf7-validates-as-required\" aria-required=\"true\" aria-invalid=\"false\" value=\"\" type=\"text\" name=\"your-name\" \/><\/span><\/label>\n\t\t\t<\/p>\n\t\t<\/div>\n\t\t<div>\n\t\t\t<p><label class=\"label-email\">Email*<br \/>\n<span class=\"wpcf7-form-control-wrap\" data-name=\"email\"><input size=\"40\" maxlength=\"400\" class=\"wpcf7-form-control wpcf7-email wpcf7-validates-as-required wpcf7-text wpcf7-validates-as-email\" aria-required=\"true\" aria-invalid=\"false\" value=\"\" type=\"email\" name=\"email\" \/><\/span><\/label>\n\t\t\t<\/p>\n\t\t<\/div>\n\t<\/div>\n\t<div class=\"formulario-ppal-row-2\">\n\t\t<p><label class=\"label-textarea\">Missatge <span class=\"wpcf7-form-control-wrap\" data-name=\"your-message\"><textarea cols=\"40\" rows=\"10\" maxlength=\"2000\" class=\"wpcf7-form-control wpcf7-textarea\" aria-invalid=\"false\" name=\"your-message\"><\/textarea><\/span><\/label>\n\t\t<\/p>\n\t<\/div>\n\t<div class=\"formulario-ppal-row-3\">\n\t\t<p><span class=\"wpcf7-form-control-wrap\" data-name=\"acceptance-982\"><span class=\"wpcf7-form-control wpcf7-acceptance\"><span class=\"wpcf7-list-item\"><label><input type=\"checkbox\" name=\"acceptance-982\" value=\"1\" aria-invalid=\"false\" \/><span class=\"wpcf7-list-item-label\">He llegit i accepto la <a href=\"\/politica-de-privacidad\/\" class=\"link-form-politica\">pol\u00edtica de privacitat<\/a><\/span><\/label><\/span><\/span><\/span>\n\t\t<\/p>\n\t<\/div>\n\t<div class=\"formulario-ppal-row-4\">\n\t\t<div>\n\t\t\t<div class=\"formulario-texto-legal\">\n\t\t\t\t<p>Responsable: Clara Lleal Finalitat: gestionar la sol\u00b7licitud en aquest formulari i si, finalment ets client, remetre informaci\u00f3 sobre l'estat del servei contractat i comunicacions sobre l'empresa. Legitimaci\u00f3: consentiment de l'interessat. Drets: Podr\u00e0s exercir els teus drets d'acc\u00e9s, rectificaci\u00f3, limitaci\u00f3 i suprimir les dades en <a href=\"mailto:hola@claralleal.com\">hola@claralleal.com<\/a> aix\u00ed com el dret a presentar una reclamaci\u00f3 davant una autoritat de control. Informaci\u00f3 addicional: aqu\u00ed, trobar\u00e0s informaci\u00f3 addicional sobre la recopilaci\u00f3 i l'\u00fas de la seva informaci\u00f3 personal, inclosa informaci\u00f3 sobre acc\u00e9s, conservaci\u00f3, rectificaci\u00f3, eliminaci\u00f3, seguretat, i altres temes.\n\t\t\t\t<\/p>\n\t\t\t<\/div>\n\t\t<\/div>\n\t\t<div>\n\t\t\t<p><input class=\"wpcf7-form-control wpcf7-submit has-spinner custom-button-blue\" type=\"submit\" value=\"Enviar\" \/>\n\t\t\t<\/p>\n\t\t<\/div>\n\t<\/div>\n<\/div><div class=\"fusion-alert alert custom alert-custom fusion-alert-center wpcf7-response-output awb-alert-native-link-color alert-dismissable awb-alert-close-boxed\" style=\"--awb-border-size:1px;--awb-border-top-left-radius:0px;--awb-border-top-right-radius:0px;--awb-border-bottom-left-radius:0px;--awb-border-bottom-right-radius:0px;\" role=\"alert\"><div class=\"fusion-alert-content-wrapper\"><span class=\"fusion-alert-content\"><\/span><\/div><button type=\"button\" class=\"close toggle-alert\" data-dismiss=\"alert\" aria-label=\"Close\">&times;<\/button><\/div>\n<\/form>\n<\/div>\n<\/div><\/div><\/div><\/div><\/p>\n","protected":false},"excerpt":{"rendered":"","protected":false},"author":3,"featured_media":10481,"comment_status":"closed","ping_status":"closed","sticky":false,"template":"","format":"standard","meta":{"footnotes":""},"categories":[101],"tags":[],"class_list":["post-10474","post","type-post","status-publish","format-standard","has-post-thumbnail","hentry","category-projecte"],"yoast_head":"<!-- This site is optimized with the Yoast SEO plugin v27.4 - https:\/\/yoast.com\/product\/yoast-seo-wordpress\/ -->\n<title>Suite amb vestidor i bany obert: un disseny atemporal i funcional<\/title>\n<meta name=\"description\" content=\"Descobreix en aquest projecte d&#039;interiorisme una suite amb vestidor i bany obert on eleg\u00e0ncia, funcionalitat i disseny es fusionen per a crear un espai \u00fanic\" \/>\n<meta name=\"robots\" content=\"index, follow, max-snippet:-1, max-image-preview:large, max-video-preview:-1\" \/>\n<link rel=\"canonical\" href=\"https:\/\/claralleal.com\/ca\/projecte-suite-bany-i-vestidor-oberts\/\" \/>\n<meta property=\"og:locale\" content=\"ca_ES\" \/>\n<meta property=\"og:type\" content=\"article\" \/>\n<meta property=\"og:title\" content=\"Suite amb vestidor i bany obert: un disseny atemporal i funcional\" \/>\n<meta property=\"og:description\" content=\"Descobreix en aquest projecte d&#039;interiorisme una suite amb vestidor i bany obert on eleg\u00e0ncia, funcionalitat i disseny es fusionen per a crear un espai \u00fanic\" \/>\n<meta property=\"og:url\" content=\"https:\/\/claralleal.com\/ca\/projecte-suite-bany-i-vestidor-oberts\/\" \/>\n<meta property=\"og:site_name\" content=\"Clara Lleal Interiorista\" \/>\n<meta property=\"article:published_time\" content=\"2024-11-26T16:05:21+00:00\" \/>\n<meta property=\"article:modified_time\" content=\"2026-04-14T09:36:46+00:00\" \/>\n<meta property=\"og:image\" content=\"https:\/\/claralleal.com\/wp-content\/uploads\/2024\/11\/clara-lleal-dormitori-amb_bano-en-suite.jpg\" \/>\n\t<meta property=\"og:image:width\" content=\"1920\" \/>\n\t<meta property=\"og:image:height\" content=\"1280\" \/>\n\t<meta property=\"og:image:type\" content=\"image\/jpeg\" \/>\n<meta name=\"author\" content=\"Clara Lleal\" \/>\n<script type=\"application\/ld+json\" class=\"yoast-schema-graph\">{\"@context\":\"https:\\\/\\\/schema.org\",\"@graph\":[{\"@type\":\"Article\",\"@id\":\"https:\\\/\\\/claralleal.com\\\/ca\\\/projecte-suite-bany-i-vestidor-oberts\\\/#article\",\"isPartOf\":{\"@id\":\"https:\\\/\\\/claralleal.com\\\/ca\\\/projecte-suite-bany-i-vestidor-oberts\\\/\"},\"author\":{\"name\":\"Clara Lleal\",\"@id\":\"https:\\\/\\\/claralleal.com\\\/ca\\\/#\\\/schema\\\/person\\\/563e54087b970b717fde4bdbab83f3f0\"},\"headline\":\"Una suite amb bany obert: eleg\u00e0ncia i funcionalitat en perfecta harmonia\",\"datePublished\":\"2024-11-26T16:05:21+00:00\",\"dateModified\":\"2026-04-14T09:36:46+00:00\",\"mainEntityOfPage\":{\"@id\":\"https:\\\/\\\/claralleal.com\\\/ca\\\/projecte-suite-bany-i-vestidor-oberts\\\/\"},\"wordCount\":14603,\"publisher\":{\"@id\":\"https:\\\/\\\/claralleal.com\\\/ca\\\/#organization\"},\"image\":{\"@id\":\"https:\\\/\\\/claralleal.com\\\/ca\\\/projecte-suite-bany-i-vestidor-oberts\\\/#primaryimage\"},\"thumbnailUrl\":\"https:\\\/\\\/claralleal.com\\\/wp-content\\\/uploads\\\/2024\\\/11\\\/clara-lleal-dormitori-amb_bano-en-suite.jpg\",\"articleSection\":[\"Projecte\"],\"inLanguage\":\"ca\"},{\"@type\":\"WebPage\",\"@id\":\"https:\\\/\\\/claralleal.com\\\/ca\\\/projecte-suite-bany-i-vestidor-oberts\\\/\",\"url\":\"https:\\\/\\\/claralleal.com\\\/ca\\\/projecte-suite-bany-i-vestidor-oberts\\\/\",\"name\":\"Suite amb vestidor i bany obert: un disseny atemporal i funcional\",\"isPartOf\":{\"@id\":\"https:\\\/\\\/claralleal.com\\\/ca\\\/#website\"},\"primaryImageOfPage\":{\"@id\":\"https:\\\/\\\/claralleal.com\\\/ca\\\/projecte-suite-bany-i-vestidor-oberts\\\/#primaryimage\"},\"image\":{\"@id\":\"https:\\\/\\\/claralleal.com\\\/ca\\\/projecte-suite-bany-i-vestidor-oberts\\\/#primaryimage\"},\"thumbnailUrl\":\"https:\\\/\\\/claralleal.com\\\/wp-content\\\/uploads\\\/2024\\\/11\\\/clara-lleal-dormitori-amb_bano-en-suite.jpg\",\"datePublished\":\"2024-11-26T16:05:21+00:00\",\"dateModified\":\"2026-04-14T09:36:46+00:00\",\"description\":\"Descobreix en aquest projecte d'interiorisme una suite amb vestidor i bany obert on eleg\u00e0ncia, funcionalitat i disseny es fusionen per a crear un espai \u00fanic\",\"breadcrumb\":{\"@id\":\"https:\\\/\\\/claralleal.com\\\/ca\\\/projecte-suite-bany-i-vestidor-oberts\\\/#breadcrumb\"},\"inLanguage\":\"ca\",\"potentialAction\":[{\"@type\":\"ReadAction\",\"target\":[\"https:\\\/\\\/claralleal.com\\\/ca\\\/projecte-suite-bany-i-vestidor-oberts\\\/\"]}]},{\"@type\":\"ImageObject\",\"inLanguage\":\"ca\",\"@id\":\"https:\\\/\\\/claralleal.com\\\/ca\\\/projecte-suite-bany-i-vestidor-oberts\\\/#primaryimage\",\"url\":\"https:\\\/\\\/claralleal.com\\\/wp-content\\\/uploads\\\/2024\\\/11\\\/clara-lleal-dormitori-amb_bano-en-suite.jpg\",\"contentUrl\":\"https:\\\/\\\/claralleal.com\\\/wp-content\\\/uploads\\\/2024\\\/11\\\/clara-lleal-dormitori-amb_bano-en-suite.jpg\",\"width\":1920,\"height\":1280,\"caption\":\"dormitori amb bany en suite\"},{\"@type\":\"BreadcrumbList\",\"@id\":\"https:\\\/\\\/claralleal.com\\\/ca\\\/projecte-suite-bany-i-vestidor-oberts\\\/#breadcrumb\",\"itemListElement\":[{\"@type\":\"ListItem\",\"position\":1,\"name\":\"Portada\",\"item\":\"https:\\\/\\\/claralleal.com\\\/ca\\\/\"},{\"@type\":\"ListItem\",\"position\":2,\"name\":\"Una suite amb bany obert: eleg\u00e0ncia i funcionalitat en perfecta harmonia\"}]},{\"@type\":\"WebSite\",\"@id\":\"https:\\\/\\\/claralleal.com\\\/ca\\\/#website\",\"url\":\"https:\\\/\\\/claralleal.com\\\/ca\\\/\",\"name\":\"Clara Lleal Interiorista\",\"description\":\"Estudio de Interiorismo en Barcelona, Badalona y Maresme\",\"publisher\":{\"@id\":\"https:\\\/\\\/claralleal.com\\\/ca\\\/#organization\"},\"potentialAction\":[{\"@type\":\"SearchAction\",\"target\":{\"@type\":\"EntryPoint\",\"urlTemplate\":\"https:\\\/\\\/claralleal.com\\\/ca\\\/?s={search_term_string}\"},\"query-input\":{\"@type\":\"PropertyValueSpecification\",\"valueRequired\":true,\"valueName\":\"search_term_string\"}}],\"inLanguage\":\"ca\"},{\"@type\":\"Organization\",\"@id\":\"https:\\\/\\\/claralleal.com\\\/ca\\\/#organization\",\"name\":\"Clara Lleal Interiorista\",\"url\":\"https:\\\/\\\/claralleal.com\\\/ca\\\/\",\"logo\":{\"@type\":\"ImageObject\",\"inLanguage\":\"ca\",\"@id\":\"https:\\\/\\\/claralleal.com\\\/ca\\\/#\\\/schema\\\/logo\\\/image\\\/\",\"url\":\"https:\\\/\\\/claralleal.com\\\/wp-content\\\/uploads\\\/2023\\\/04\\\/cropped-favicon-1.jpg\",\"contentUrl\":\"https:\\\/\\\/claralleal.com\\\/wp-content\\\/uploads\\\/2023\\\/04\\\/cropped-favicon-1.jpg\",\"width\":40,\"height\":40,\"caption\":\"Clara Lleal Interiorista \"},\"image\":{\"@id\":\"https:\\\/\\\/claralleal.com\\\/ca\\\/#\\\/schema\\\/logo\\\/image\\\/\"}},{\"@type\":\"Person\",\"@id\":\"https:\\\/\\\/claralleal.com\\\/ca\\\/#\\\/schema\\\/person\\\/563e54087b970b717fde4bdbab83f3f0\",\"name\":\"Clara Lleal\"}]}<\/script>\n<!-- \/ Yoast SEO plugin. -->","yoast_head_json":{"title":"Suite amb vestidor i bany obert: un disseny atemporal i funcional","description":"Descobreix en aquest projecte d'interiorisme una suite amb vestidor i bany obert on eleg\u00e0ncia, funcionalitat i disseny es fusionen per a crear un espai \u00fanic","robots":{"index":"index","follow":"follow","max-snippet":"max-snippet:-1","max-image-preview":"max-image-preview:large","max-video-preview":"max-video-preview:-1"},"canonical":"https:\/\/claralleal.com\/ca\/projecte-suite-bany-i-vestidor-oberts\/","og_locale":"ca_ES","og_type":"article","og_title":"Suite amb vestidor i bany obert: un disseny atemporal i funcional","og_description":"Descobreix en aquest projecte d'interiorisme una suite amb vestidor i bany obert on eleg\u00e0ncia, funcionalitat i disseny es fusionen per a crear un espai \u00fanic","og_url":"https:\/\/claralleal.com\/ca\/projecte-suite-bany-i-vestidor-oberts\/","og_site_name":"Clara Lleal Interiorista","article_published_time":"2024-11-26T16:05:21+00:00","article_modified_time":"2026-04-14T09:36:46+00:00","og_image":[{"width":1920,"height":1280,"url":"https:\/\/claralleal.com\/wp-content\/uploads\/2024\/11\/clara-lleal-dormitori-amb_bano-en-suite.jpg","type":"image\/jpeg"}],"author":"Clara Lleal","schema":{"@context":"https:\/\/schema.org","@graph":[{"@type":"Article","@id":"https:\/\/claralleal.com\/ca\/projecte-suite-bany-i-vestidor-oberts\/#article","isPartOf":{"@id":"https:\/\/claralleal.com\/ca\/projecte-suite-bany-i-vestidor-oberts\/"},"author":{"name":"Clara Lleal","@id":"https:\/\/claralleal.com\/ca\/#\/schema\/person\/563e54087b970b717fde4bdbab83f3f0"},"headline":"Una suite amb bany obert: eleg\u00e0ncia i funcionalitat en perfecta harmonia","datePublished":"2024-11-26T16:05:21+00:00","dateModified":"2026-04-14T09:36:46+00:00","mainEntityOfPage":{"@id":"https:\/\/claralleal.com\/ca\/projecte-suite-bany-i-vestidor-oberts\/"},"wordCount":14603,"publisher":{"@id":"https:\/\/claralleal.com\/ca\/#organization"},"image":{"@id":"https:\/\/claralleal.com\/ca\/projecte-suite-bany-i-vestidor-oberts\/#primaryimage"},"thumbnailUrl":"https:\/\/claralleal.com\/wp-content\/uploads\/2024\/11\/clara-lleal-dormitori-amb_bano-en-suite.jpg","articleSection":["Projecte"],"inLanguage":"ca"},{"@type":"WebPage","@id":"https:\/\/claralleal.com\/ca\/projecte-suite-bany-i-vestidor-oberts\/","url":"https:\/\/claralleal.com\/ca\/projecte-suite-bany-i-vestidor-oberts\/","name":"Suite amb vestidor i bany obert: un disseny atemporal i funcional","isPartOf":{"@id":"https:\/\/claralleal.com\/ca\/#website"},"primaryImageOfPage":{"@id":"https:\/\/claralleal.com\/ca\/projecte-suite-bany-i-vestidor-oberts\/#primaryimage"},"image":{"@id":"https:\/\/claralleal.com\/ca\/projecte-suite-bany-i-vestidor-oberts\/#primaryimage"},"thumbnailUrl":"https:\/\/claralleal.com\/wp-content\/uploads\/2024\/11\/clara-lleal-dormitori-amb_bano-en-suite.jpg","datePublished":"2024-11-26T16:05:21+00:00","dateModified":"2026-04-14T09:36:46+00:00","description":"Descobreix en aquest projecte d'interiorisme una suite amb vestidor i bany obert on eleg\u00e0ncia, funcionalitat i disseny es fusionen per a crear un espai \u00fanic","breadcrumb":{"@id":"https:\/\/claralleal.com\/ca\/projecte-suite-bany-i-vestidor-oberts\/#breadcrumb"},"inLanguage":"ca","potentialAction":[{"@type":"ReadAction","target":["https:\/\/claralleal.com\/ca\/projecte-suite-bany-i-vestidor-oberts\/"]}]},{"@type":"ImageObject","inLanguage":"ca","@id":"https:\/\/claralleal.com\/ca\/projecte-suite-bany-i-vestidor-oberts\/#primaryimage","url":"https:\/\/claralleal.com\/wp-content\/uploads\/2024\/11\/clara-lleal-dormitori-amb_bano-en-suite.jpg","contentUrl":"https:\/\/claralleal.com\/wp-content\/uploads\/2024\/11\/clara-lleal-dormitori-amb_bano-en-suite.jpg","width":1920,"height":1280,"caption":"dormitori amb bany en suite"},{"@type":"BreadcrumbList","@id":"https:\/\/claralleal.com\/ca\/projecte-suite-bany-i-vestidor-oberts\/#breadcrumb","itemListElement":[{"@type":"ListItem","position":1,"name":"Portada","item":"https:\/\/claralleal.com\/ca\/"},{"@type":"ListItem","position":2,"name":"Una suite amb bany obert: eleg\u00e0ncia i funcionalitat en perfecta harmonia"}]},{"@type":"WebSite","@id":"https:\/\/claralleal.com\/ca\/#website","url":"https:\/\/claralleal.com\/ca\/","name":"Clara Lleal Interiorista","description":"Estudio de Interiorismo en Barcelona, Badalona y Maresme","publisher":{"@id":"https:\/\/claralleal.com\/ca\/#organization"},"potentialAction":[{"@type":"SearchAction","target":{"@type":"EntryPoint","urlTemplate":"https:\/\/claralleal.com\/ca\/?s={search_term_string}"},"query-input":{"@type":"PropertyValueSpecification","valueRequired":true,"valueName":"search_term_string"}}],"inLanguage":"ca"},{"@type":"Organization","@id":"https:\/\/claralleal.com\/ca\/#organization","name":"Clara Lleal Interiorista","url":"https:\/\/claralleal.com\/ca\/","logo":{"@type":"ImageObject","inLanguage":"ca","@id":"https:\/\/claralleal.com\/ca\/#\/schema\/logo\/image\/","url":"https:\/\/claralleal.com\/wp-content\/uploads\/2023\/04\/cropped-favicon-1.jpg","contentUrl":"https:\/\/claralleal.com\/wp-content\/uploads\/2023\/04\/cropped-favicon-1.jpg","width":40,"height":40,"caption":"Clara Lleal Interiorista "},"image":{"@id":"https:\/\/claralleal.com\/ca\/#\/schema\/logo\/image\/"}},{"@type":"Person","@id":"https:\/\/claralleal.com\/ca\/#\/schema\/person\/563e54087b970b717fde4bdbab83f3f0","name":"Clara Lleal"}]}},"_links":{"self":[{"href":"https:\/\/claralleal.com\/ca\/wp-json\/wp\/v2\/posts\/10474","targetHints":{"allow":["GET"]}}],"collection":[{"href":"https:\/\/claralleal.com\/ca\/wp-json\/wp\/v2\/posts"}],"about":[{"href":"https:\/\/claralleal.com\/ca\/wp-json\/wp\/v2\/types\/post"}],"author":[{"embeddable":true,"href":"https:\/\/claralleal.com\/ca\/wp-json\/wp\/v2\/users\/3"}],"replies":[{"embeddable":true,"href":"https:\/\/claralleal.com\/ca\/wp-json\/wp\/v2\/comments?post=10474"}],"version-history":[{"count":14,"href":"https:\/\/claralleal.com\/ca\/wp-json\/wp\/v2\/posts\/10474\/revisions"}],"predecessor-version":[{"id":10605,"href":"https:\/\/claralleal.com\/ca\/wp-json\/wp\/v2\/posts\/10474\/revisions\/10605"}],"wp:featuredmedia":[{"embeddable":true,"href":"https:\/\/claralleal.com\/ca\/wp-json\/wp\/v2\/media\/10481"}],"wp:attachment":[{"href":"https:\/\/claralleal.com\/ca\/wp-json\/wp\/v2\/media?parent=10474"}],"wp:term":[{"taxonomy":"category","embeddable":true,"href":"https:\/\/claralleal.com\/ca\/wp-json\/wp\/v2\/categories?post=10474"},{"taxonomy":"post_tag","embeddable":true,"href":"https:\/\/claralleal.com\/ca\/wp-json\/wp\/v2\/tags?post=10474"}],"curies":[{"name":"wp","href":"https:\/\/api.w.org\/{rel}","templated":true}]}}