{"id":10488,"date":"2024-05-29T14:36:05","date_gmt":"2024-05-29T12:36:05","guid":{"rendered":"https:\/\/claralleal.com\/?p=10488"},"modified":"2026-04-13T13:47:05","modified_gmt":"2026-04-13T11:47:05","slug":"projecte-interiorisme-pis-sant-cugat","status":"publish","type":"post","link":"https:\/\/claralleal.com\/ca\/projecte-interiorisme-pis-sant-cugat\/","title":{"rendered":"Disseny d&#8217;interiors en un pis que destaca per l&#8217;\u00fas de llistons de fusta i on predomina el negre, combinat amb blanc"},"content":{"rendered":"<p><div class=\"fusion-fullwidth fullwidth-box fusion-builder-row-1 fusion-flex-container has-pattern-background has-mask-background nonhundred-percent-fullwidth non-hundred-percent-height-scrolling\" style=\"--awb-border-radius-top-left:0px;--awb-border-radius-top-right:0px;--awb-border-radius-bottom-right:0px;--awb-border-radius-bottom-left:0px;--awb-flex-wrap:wrap;\" ><div class=\"fusion-builder-row fusion-row fusion-flex-align-items-flex-start fusion-flex-content-wrap\" style=\"max-width:1352px;margin-left: calc(-4% \/ 2 );margin-right: calc(-4% \/ 2 );\"><div class=\"fusion-layout-column fusion_builder_column fusion-builder-column-0 fusion_builder_column_2_3 2_3 fusion-flex-column\" style=\"--awb-bg-size:cover;--awb-width-large:66.666666666667%;--awb-margin-top-large:0px;--awb-spacing-right-large:2.88%;--awb-margin-bottom-large:20px;--awb-spacing-left-large:2.88%;--awb-width-medium:66.666666666667%;--awb-order-medium:0;--awb-spacing-right-medium:2.88%;--awb-spacing-left-medium:2.88%;--awb-width-small:100%;--awb-order-small:0;--awb-spacing-right-small:1.92%;--awb-spacing-left-small:1.92%;\"><div class=\"fusion-column-wrapper fusion-column-has-shadow fusion-flex-justify-content-flex-start fusion-content-layout-column\"><div class=\"fusion-title title fusion-title-1 fusion-sep-none fusion-title-text fusion-title-size-one\" style=\"--awb-margin-top-small:10px;--awb-margin-right-small:0px;--awb-margin-bottom-small:10px;--awb-margin-left-small:0px;\"><h1 class=\"fusion-title-heading title-heading-left\" style=\"margin:0;\"><p>Disseny d&#8217;interiors en un pis que destaca per l&#8217;\u00fas de llistons de fusta i on predomina el negre,<br \/>\ncombinat amb blanc<\/p><\/h1><\/div><\/div><\/div><\/div><\/div><div class=\"fusion-fullwidth fullwidth-box fusion-builder-row-2 fusion-flex-container has-pattern-background has-mask-background nonhundred-percent-fullwidth non-hundred-percent-height-scrolling\" style=\"--awb-border-radius-top-left:0px;--awb-border-radius-top-right:0px;--awb-border-radius-bottom-right:0px;--awb-border-radius-bottom-left:0px;--awb-flex-wrap:wrap;\" ><div class=\"fusion-builder-row fusion-row fusion-flex-align-items-flex-start fusion-flex-content-wrap\" style=\"max-width:1352px;margin-left: calc(-4% \/ 2 );margin-right: calc(-4% \/ 2 );\"><div class=\"fusion-layout-column fusion_builder_column fusion-builder-column-1 fusion_builder_column_1_2 1_2 fusion-flex-column\" style=\"--awb-bg-size:cover;--awb-width-large:50%;--awb-margin-top-large:30px;--awb-spacing-right-large:3.84%;--awb-margin-bottom-large:20px;--awb-spacing-left-large:3.84%;--awb-width-medium:50%;--awb-order-medium:0;--awb-spacing-right-medium:3.84%;--awb-spacing-left-medium:3.84%;--awb-width-small:100%;--awb-order-small:0;--awb-spacing-right-small:1.92%;--awb-spacing-left-small:1.92%;\" data-scroll-devices=\"small-visibility,medium-visibility,large-visibility\"><div class=\"fusion-column-wrapper fusion-column-has-shadow fusion-flex-justify-content-flex-start fusion-content-layout-column\"><div class=\"fusion-text fusion-text-1\"><p>Va ser un plaer participar en <strong>la transformaci\u00f3 d&#8217;una casa de grans dimensions situada als afores de Sant Cugat del Vall\u00e8s, Barcelona<\/strong>. Amb tres plantes i uns 180 m\u00b2 per pis, va ser dividida en tres habitatges independents amb piscina comunit\u00e0ria.<\/p>\n<\/div><\/div><\/div><div class=\"fusion-layout-column fusion_builder_column fusion-builder-column-2 fusion_builder_column_1_2 1_2 fusion-flex-column\" style=\"--awb-bg-size:cover;--awb-width-large:50%;--awb-margin-top-large:30px;--awb-spacing-right-large:3.84%;--awb-margin-bottom-large:20px;--awb-spacing-left-large:3.84%;--awb-width-medium:50%;--awb-order-medium:0;--awb-spacing-right-medium:3.84%;--awb-spacing-left-medium:3.84%;--awb-width-small:100%;--awb-order-small:0;--awb-spacing-right-small:1.92%;--awb-spacing-left-small:1.92%;\" data-scroll-devices=\"small-visibility,medium-visibility,large-visibility\"><div class=\"fusion-column-wrapper fusion-column-has-shadow fusion-flex-justify-content-flex-start fusion-content-layout-column\"><div class=\"fusion-text fusion-text-2\"><p>Ens v\u00e0rem encarregar de l&#8217;interiorisme d&#8217;un dels pisos. <strong>Trobem l&#8217;immoble completament di\u00e0fan, sense cap partici\u00f3 ni envans<\/strong>, i col\u00b7laborem amb els arquitectes encarregats de la remodelaci\u00f3 general per a crear la nova distribuci\u00f3 de l&#8217;espai.<\/p>\n<\/div><\/div><\/div><\/div><\/div><div class=\"fusion-fullwidth fullwidth-box fusion-builder-row-3 fusion-flex-container has-pattern-background has-mask-background hundred-percent-fullwidth non-hundred-percent-height-scrolling\" style=\"--awb-border-radius-top-left:0px;--awb-border-radius-top-right:0px;--awb-border-radius-bottom-right:0px;--awb-border-radius-bottom-left:0px;--awb-flex-wrap:wrap;\" ><div class=\"fusion-builder-row fusion-row fusion-flex-align-items-stretch fusion-flex-justify-content-space-around fusion-flex-content-wrap\" style=\"width:104% !important;max-width:104% !important;margin-left: calc(-4% \/ 2 );margin-right: calc(-4% \/ 2 );\"><div class=\"fusion-layout-column fusion_builder_column fusion-builder-column-3 fusion_builder_column_1_1 1_1 fusion-flex-column\" style=\"--awb-bg-size:cover;--awb-width-large:100%;--awb-margin-top-large:0px;--awb-spacing-right-large:1.92%;--awb-margin-bottom-large:20px;--awb-spacing-left-large:1.92%;--awb-width-medium:100%;--awb-order-medium:0;--awb-spacing-right-medium:1.92%;--awb-spacing-left-medium:1.92%;--awb-width-small:100%;--awb-order-small:0;--awb-spacing-right-small:1.92%;--awb-spacing-left-small:1.92%;\"><div class=\"fusion-column-wrapper fusion-column-has-shadow fusion-flex-justify-content-flex-start fusion-content-layout-column\"><div class=\"fusion-image-element \" style=\"text-align:center;--awb-caption-title-font-family:var(--h2_typography-font-family);--awb-caption-title-font-weight:var(--h2_typography-font-weight);--awb-caption-title-font-style:var(--h2_typography-font-style);--awb-caption-title-size:var(--h2_typography-font-size);--awb-caption-title-transform:var(--h2_typography-text-transform);--awb-caption-title-line-height:var(--h2_typography-line-height);--awb-caption-title-letter-spacing:var(--h2_typography-letter-spacing);\"><span class=\" fusion-imageframe imageframe-none imageframe-1 hover-type-none\"><img decoding=\"async\" width=\"1024\" height=\"593\" alt=\"Vista general del sal\u00f3n del piso en Sant Cugat del Vall\u00e9s\" title=\"Vista general del sal\u00f3 del pis a Sant Cugat del Vall\u00e9s\" src=\"https:\/\/claralleal.com\/wp-content\/uploads\/2024\/05\/piso-sant-cugat-salon-1-1024x593.jpg\" class=\"img-responsive wp-image-10508\" srcset=\"https:\/\/claralleal.com\/wp-content\/uploads\/2024\/05\/piso-sant-cugat-salon-1-200x116.jpg 200w, https:\/\/claralleal.com\/wp-content\/uploads\/2024\/05\/piso-sant-cugat-salon-1-400x232.jpg 400w, https:\/\/claralleal.com\/wp-content\/uploads\/2024\/05\/piso-sant-cugat-salon-1-600x348.jpg 600w, https:\/\/claralleal.com\/wp-content\/uploads\/2024\/05\/piso-sant-cugat-salon-1-800x463.jpg 800w, https:\/\/claralleal.com\/wp-content\/uploads\/2024\/05\/piso-sant-cugat-salon-1.jpg 1200w\" sizes=\"(max-width: 640px) 100vw, 1024px\" \/><\/span><\/div><\/div><\/div><\/div><\/div><div class=\"fusion-fullwidth fullwidth-box fusion-builder-row-4 fusion-flex-container has-pattern-background has-mask-background hundred-percent-fullwidth non-hundred-percent-height-scrolling\" style=\"--awb-border-radius-top-left:0px;--awb-border-radius-top-right:0px;--awb-border-radius-bottom-right:0px;--awb-border-radius-bottom-left:0px;--awb-flex-wrap:wrap;\" ><div class=\"fusion-builder-row fusion-row fusion-flex-align-items-flex-start fusion-flex-content-wrap\" style=\"width:104% !important;max-width:104% !important;margin-left: calc(-4% \/ 2 );margin-right: calc(-4% \/ 2 );\"><div class=\"fusion-layout-column fusion_builder_column fusion-builder-column-4 fusion_builder_column_1_2 1_2 fusion-flex-column fusion-flex-align-self-flex-start\" style=\"--awb-bg-size:cover;--awb-width-large:50%;--awb-margin-top-large:30px;--awb-spacing-right-large:3.84%;--awb-margin-bottom-large:20px;--awb-spacing-left-large:3.84%;--awb-width-medium:50%;--awb-order-medium:0;--awb-spacing-right-medium:3.84%;--awb-spacing-left-medium:3.84%;--awb-width-small:100%;--awb-order-small:0;--awb-spacing-right-small:1.92%;--awb-spacing-left-small:1.92%;\" data-scroll-devices=\"small-visibility,medium-visibility,large-visibility\"><div class=\"fusion-column-wrapper fusion-column-has-shadow fusion-flex-justify-content-flex-start fusion-content-layout-column\"><div class=\"fusion-title title fusion-title-2 fusion-sep-none fusion-title-text fusion-title-size-two\" style=\"--awb-margin-top-small:10px;--awb-margin-right-small:0px;--awb-margin-bottom-small:10px;--awb-margin-left-small:0px;\"><h2 class=\"fusion-title-heading title-heading-left\" style=\"margin:0;\"><p style=\"text-align: left;\">Distribuci\u00f3 del nou espai<\/p><\/h2><\/div><div class=\"fusion-text fusion-text-3\"><p>L&#8217;habitatge la distribu\u00efm en quatre habitacions, tres en suite amb bany interior, un ampli sal\u00f3 menjador amb cuina oberta al sal\u00f3, un despatx privat i una extensa terrassa amb diversos accessos a ella.<\/p>\n<\/div><\/div><\/div><div class=\"fusion-layout-column fusion_builder_column fusion-builder-column-5 fusion_builder_column_1_2 1_2 fusion-flex-column fusion-flex-align-self-flex-start\" style=\"--awb-bg-size:cover;--awb-width-large:50%;--awb-margin-top-large:30px;--awb-spacing-right-large:3.84%;--awb-margin-bottom-large:20px;--awb-spacing-left-large:3.84%;--awb-width-medium:50%;--awb-order-medium:0;--awb-spacing-right-medium:3.84%;--awb-spacing-left-medium:3.84%;--awb-width-small:100%;--awb-order-small:0;--awb-spacing-right-small:1.92%;--awb-spacing-left-small:1.92%;\" data-scroll-devices=\"small-visibility,medium-visibility,large-visibility\"><div class=\"fusion-column-wrapper fusion-column-has-shadow fusion-flex-justify-content-flex-start fusion-content-layout-column\"><div class=\"fusion-title title fusion-title-3 fusion-sep-none fusion-title-text fusion-title-size-two\" style=\"--awb-margin-top-small:10px;--awb-margin-right-small:0px;--awb-margin-bottom-small:10px;--awb-margin-left-small:0px;\"><h2 class=\"fusion-title-heading title-heading-left\" style=\"margin:0;\"><p style=\"text-align: left;\">Requisits de la propietat<\/p><\/h2><\/div><div class=\"fusion-text fusion-text-4\"><p>Els requisits i necessitats de la propiet\u00e0ria de l&#8217;immoble van ser molt marcats des del principi del projecte: Volia <strong>com a element decoratiu llistons de fusta i el color negre com a to predominant combinat amb el blanc.<\/strong> El toc de color en tons mostassa i color blau aigua nom\u00e9s l&#8217;utilitzem en complements decoratius, com en els coixins dels sof\u00e0s. Respecte del tema funcional, desitjava <strong>una llar confortable, espais c\u00f2modes i que, en general, transmetessin ordre visual i serenitat.<\/strong><\/p>\n<\/div><\/div><\/div><\/div><\/div><div class=\"fusion-fullwidth fullwidth-box fusion-builder-row-5 fusion-flex-container has-pattern-background has-mask-background hundred-percent-fullwidth non-hundred-percent-height-scrolling\" style=\"--awb-border-radius-top-left:0px;--awb-border-radius-top-right:0px;--awb-border-radius-bottom-right:0px;--awb-border-radius-bottom-left:0px;--awb-flex-wrap:wrap;\" ><div class=\"fusion-builder-row fusion-row fusion-flex-align-items-flex-start fusion-flex-content-wrap\" style=\"width:104% !important;max-width:104% !important;margin-left: calc(-4% \/ 2 );margin-right: calc(-4% \/ 2 );\"><div class=\"fusion-layout-column fusion_builder_column fusion-builder-column-6 fusion_builder_column_1_2 1_2 fusion-flex-column\" style=\"--awb-padding-left:0px;--awb-bg-size:cover;--awb-width-large:50%;--awb-margin-top-large:0px;--awb-spacing-right-large:3.84%;--awb-margin-bottom-large:20px;--awb-spacing-left-large:0px;--awb-width-medium:50%;--awb-order-medium:0;--awb-spacing-right-medium:3.84%;--awb-spacing-left-medium:0px;--awb-width-small:100%;--awb-order-small:0;--awb-spacing-right-small:1.92%;--awb-spacing-left-small:1.92%;\" data-scroll-devices=\"small-visibility,medium-visibility,large-visibility\"><div class=\"fusion-column-wrapper fusion-column-has-shadow fusion-flex-justify-content-flex-start fusion-content-layout-column\"><div class=\"fusion-image-element \" style=\"--awb-margin-left:0px;--awb-caption-title-font-family:var(--h2_typography-font-family);--awb-caption-title-font-weight:var(--h2_typography-font-weight);--awb-caption-title-font-style:var(--h2_typography-font-style);--awb-caption-title-size:var(--h2_typography-font-size);--awb-caption-title-transform:var(--h2_typography-text-transform);--awb-caption-title-line-height:var(--h2_typography-line-height);--awb-caption-title-letter-spacing:var(--h2_typography-letter-spacing);\"><span class=\" fusion-imageframe imageframe-none imageframe-2 hover-type-zoomin\"><img decoding=\"async\" width=\"900\" height=\"566\" alt=\"Detalle del mueble a medida del sal\u00f3n del piso de Sant Cugat del Vall\u00e9s\" title=\"Detall del moble a mida del menjador del pis de Sant Cugat del Vall\u00e9s\" src=\"https:\/\/claralleal.com\/wp-content\/uploads\/2024\/05\/piso-sant-cugat-detalli-moble.jpg\" class=\"img-responsive wp-image-10510\" srcset=\"https:\/\/claralleal.com\/wp-content\/uploads\/2024\/05\/piso-sant-cugat-detalli-moble-200x126.jpg 200w, https:\/\/claralleal.com\/wp-content\/uploads\/2024\/05\/piso-sant-cugat-detalli-moble-400x252.jpg 400w, https:\/\/claralleal.com\/wp-content\/uploads\/2024\/05\/piso-sant-cugat-detalli-moble-600x377.jpg 600w, https:\/\/claralleal.com\/wp-content\/uploads\/2024\/05\/piso-sant-cugat-detalli-moble-800x503.jpg 800w, https:\/\/claralleal.com\/wp-content\/uploads\/2024\/05\/piso-sant-cugat-detalli-moble.jpg 900w\" sizes=\"(max-width: 640px) 100vw, 800px\" \/><\/span><\/div><\/div><\/div><div class=\"fusion-layout-column fusion_builder_column fusion-builder-column-7 fusion_builder_column_1_2 1_2 fusion-flex-column\" style=\"--awb-bg-size:cover;--awb-width-large:50%;--awb-margin-top-large:0px;--awb-spacing-right-large:3.84%;--awb-margin-bottom-large:20px;--awb-spacing-left-large:3.84%;--awb-width-medium:50%;--awb-order-medium:0;--awb-spacing-right-medium:3.84%;--awb-spacing-left-medium:3.84%;--awb-width-small:100%;--awb-order-small:0;--awb-spacing-right-small:1.92%;--awb-spacing-left-small:1.92%;\"><div class=\"fusion-column-wrapper fusion-column-has-shadow fusion-flex-justify-content-flex-start fusion-content-layout-column\"><div class=\"fusion-image-element \" style=\"--awb-caption-title-font-family:var(--h2_typography-font-family);--awb-caption-title-font-weight:var(--h2_typography-font-weight);--awb-caption-title-font-style:var(--h2_typography-font-style);--awb-caption-title-size:var(--h2_typography-font-size);--awb-caption-title-transform:var(--h2_typography-text-transform);--awb-caption-title-line-height:var(--h2_typography-line-height);--awb-caption-title-letter-spacing:var(--h2_typography-letter-spacing);\"><span class=\" fusion-imageframe imageframe-none imageframe-3 hover-type-zoomin\"><img decoding=\"async\" width=\"900\" height=\"566\" alt=\"Detalle de la pared del del sal\u00f3n del piso de Sant Cugat del Vall\u00e9s\" title=\"Detall de la pared del menjador del pis de Sant Cugat del Vall\u00e9s\" src=\"https:\/\/claralleal.com\/wp-content\/uploads\/2024\/05\/piso-sant-cugat-estar-comedor.jpg\" class=\"img-responsive wp-image-10502\" srcset=\"https:\/\/claralleal.com\/wp-content\/uploads\/2024\/05\/piso-sant-cugat-estar-comedor-200x126.jpg 200w, https:\/\/claralleal.com\/wp-content\/uploads\/2024\/05\/piso-sant-cugat-estar-comedor-400x252.jpg 400w, https:\/\/claralleal.com\/wp-content\/uploads\/2024\/05\/piso-sant-cugat-estar-comedor-600x377.jpg 600w, https:\/\/claralleal.com\/wp-content\/uploads\/2024\/05\/piso-sant-cugat-estar-comedor-800x503.jpg 800w, https:\/\/claralleal.com\/wp-content\/uploads\/2024\/05\/piso-sant-cugat-estar-comedor.jpg 900w\" sizes=\"(max-width: 640px) 100vw, 800px\" \/><\/span><\/div><\/div><\/div><\/div><\/div><div class=\"fusion-fullwidth fullwidth-box fusion-builder-row-6 fusion-flex-container has-pattern-background has-mask-background hundred-percent-fullwidth non-hundred-percent-height-scrolling\" style=\"--awb-border-radius-top-left:0px;--awb-border-radius-top-right:0px;--awb-border-radius-bottom-right:0px;--awb-border-radius-bottom-left:0px;--awb-flex-wrap:wrap;\" ><div class=\"fusion-builder-row fusion-row fusion-flex-align-items-flex-start fusion-flex-content-wrap\" style=\"width:104% !important;max-width:104% !important;margin-left: calc(-4% \/ 2 );margin-right: calc(-4% \/ 2 );\"><div class=\"fusion-layout-column fusion_builder_column fusion-builder-column-8 fusion_builder_column_2_3 2_3 fusion-flex-column fusion-flex-align-self-center\" style=\"--awb-bg-size:cover;--awb-width-large:66.666666666667%;--awb-margin-top-large:0px;--awb-spacing-right-large:2.88%;--awb-margin-bottom-large:20px;--awb-spacing-left-large:2.88%;--awb-width-medium:66.666666666667%;--awb-order-medium:0;--awb-spacing-right-medium:2.88%;--awb-spacing-left-medium:2.88%;--awb-width-small:100%;--awb-order-small:0;--awb-spacing-right-small:1.92%;--awb-spacing-left-small:1.92%;\" data-scroll-devices=\"small-visibility,medium-visibility,large-visibility\"><div class=\"fusion-column-wrapper fusion-column-has-shadow fusion-flex-justify-content-flex-end fusion-content-layout-row\"><div class=\"fusion-image-element \" style=\"--awb-margin-left:0px;--awb-caption-title-font-family:var(--h2_typography-font-family);--awb-caption-title-font-weight:var(--h2_typography-font-weight);--awb-caption-title-font-style:var(--h2_typography-font-style);--awb-caption-title-size:var(--h2_typography-font-size);--awb-caption-title-transform:var(--h2_typography-text-transform);--awb-caption-title-line-height:var(--h2_typography-line-height);--awb-caption-title-letter-spacing:var(--h2_typography-letter-spacing);\"><span class=\" fusion-imageframe imageframe-none imageframe-4 hover-type-none\"><img decoding=\"async\" width=\"900\" height=\"628\" alt=\"Entrada del piso en Sant Cugat del Vall\u00e9s con madera listada\" title=\"Entrada del pis a Sant Cugat del Vall\u00e9s amb fusta llistada\" src=\"https:\/\/claralleal.com\/wp-content\/uploads\/2024\/05\/piso-sant-cugat-hall-1.jpg\" class=\"img-responsive wp-image-10512\" srcset=\"https:\/\/claralleal.com\/wp-content\/uploads\/2024\/05\/piso-sant-cugat-hall-1-200x140.jpg 200w, https:\/\/claralleal.com\/wp-content\/uploads\/2024\/05\/piso-sant-cugat-hall-1-400x279.jpg 400w, https:\/\/claralleal.com\/wp-content\/uploads\/2024\/05\/piso-sant-cugat-hall-1-600x419.jpg 600w, https:\/\/claralleal.com\/wp-content\/uploads\/2024\/05\/piso-sant-cugat-hall-1-800x558.jpg 800w, https:\/\/claralleal.com\/wp-content\/uploads\/2024\/05\/piso-sant-cugat-hall-1.jpg 900w\" sizes=\"(max-width: 640px) 100vw, 900px\" \/><\/span><\/div><\/div><\/div><div class=\"fusion-layout-column fusion_builder_column fusion-builder-column-9 fusion_builder_column_1_3 1_3 fusion-flex-column fusion-flex-align-self-center\" style=\"--awb-bg-size:cover;--awb-width-large:33.333333333333%;--awb-margin-top-large:30px;--awb-spacing-right-large:5.76%;--awb-margin-bottom-large:20px;--awb-spacing-left-large:5.76%;--awb-width-medium:33.333333333333%;--awb-order-medium:0;--awb-spacing-right-medium:5.76%;--awb-spacing-left-medium:5.76%;--awb-width-small:100%;--awb-order-small:0;--awb-spacing-right-small:1.92%;--awb-spacing-left-small:1.92%;\" data-scroll-devices=\"small-visibility,medium-visibility,large-visibility\"><div class=\"fusion-column-wrapper fusion-column-has-shadow fusion-flex-justify-content-flex-start fusion-content-layout-column\"><div class=\"fusion-title title fusion-title-4 fusion-sep-none fusion-title-text fusion-title-size-two\" style=\"--awb-margin-top-small:10px;--awb-margin-right-small:0px;--awb-margin-bottom-small:10px;--awb-margin-left-small:0px;\"><h2 class=\"fusion-title-heading title-heading-left\" style=\"margin:0;\"><p style=\"text-align: left;\">Una entrada amb mobles a mida<\/p><\/h2><\/div><div class=\"fusion-text fusion-text-5\"><p>En accedir a l&#8217;habitatge ens trobem <strong>una primera zona de rebedor<\/strong> amb un armari vestidor, una \u00e0mplia zona de mirall amb lleixa acompanyat d&#8217;un llum penjant de DCW \u00c9ditions. Tant l&#8217;armari com tota la composici\u00f3 es va fer a mida amb revestiment de llistons de fusta.<\/p>\n<\/div><\/div><\/div><\/div><\/div><div class=\"fusion-fullwidth fullwidth-box fusion-builder-row-7 fusion-flex-container has-pattern-background has-mask-background nonhundred-percent-fullwidth non-hundred-percent-height-scrolling\" style=\"--awb-border-radius-top-left:0px;--awb-border-radius-top-right:0px;--awb-border-radius-bottom-right:0px;--awb-border-radius-bottom-left:0px;--awb-flex-wrap:wrap;\" ><div class=\"fusion-builder-row fusion-row fusion-flex-align-items-flex-start fusion-flex-content-wrap\" style=\"max-width:1352px;margin-left: calc(-4% \/ 2 );margin-right: calc(-4% \/ 2 );\"><div class=\"fusion-layout-column fusion_builder_column fusion-builder-column-10 fusion_builder_column_1_2 1_2 fusion-flex-column fusion-flex-align-self-center\" style=\"--awb-bg-size:cover;--awb-width-large:50%;--awb-margin-top-large:30px;--awb-spacing-right-large:3.84%;--awb-margin-bottom-large:20px;--awb-spacing-left-large:3.84%;--awb-width-medium:50%;--awb-order-medium:0;--awb-spacing-right-medium:3.84%;--awb-spacing-left-medium:3.84%;--awb-width-small:100%;--awb-order-small:0;--awb-spacing-right-small:1.92%;--awb-spacing-left-small:1.92%;\" data-scroll-devices=\"small-visibility,medium-visibility,large-visibility\"><div class=\"fusion-column-wrapper fusion-column-has-shadow fusion-flex-justify-content-flex-start fusion-content-layout-column\"><div class=\"fusion-title title fusion-title-5 fusion-sep-none fusion-title-text fusion-title-size-two\" style=\"--awb-text-color:#000000;--awb-margin-top-small:10px;--awb-margin-right-small:0px;--awb-margin-bottom-small:10px;--awb-margin-left-small:0px;\"><h2 class=\"fusion-title-heading title-heading-left\" style=\"margin:0;\"><p style=\"text-align: left;\">El passad\u00eds: llistons de fusta i portes integrades<\/p><\/h2><\/div><div class=\"fusion-text fusion-text-6\"><p>L&#8217;enllistonat del mobiliari del rebedor donava continu\u00eftat a <strong>la zona de passad\u00eds<\/strong>. Aquest era bastant llarg i vol\u00edem fer algun tipus d&#8217;intervenci\u00f3 perqu\u00e8 no es vei\u00e9s tan \u201cpassad\u00eds\u201d. Aix\u00ed doncs, <strong>revestim tota una paret lateral amb llistons de fusta, on tamb\u00e9 integrem la porta d&#8217;acc\u00e9s al lavabo<\/strong>. \u00a0El disseny tamb\u00e9 amagava la il\u00b7luminaci\u00f3 de tota l&#8217;extensi\u00f3 del passad\u00eds, formada per les tires de LED negres integrades entre llist\u00f3 i llist\u00f3.<\/p>\n<\/div><\/div><\/div><div class=\"fusion-layout-column fusion_builder_column fusion-builder-column-11 fusion_builder_column_1_2 1_2 fusion-flex-column fusion-flex-align-self-center\" style=\"--awb-bg-size:cover;--awb-width-large:50%;--awb-margin-top-large:0px;--awb-spacing-right-large:3.84%;--awb-margin-bottom-large:20px;--awb-spacing-left-large:3.84%;--awb-width-medium:50%;--awb-order-medium:0;--awb-spacing-right-medium:3.84%;--awb-spacing-left-medium:3.84%;--awb-width-small:100%;--awb-order-small:0;--awb-spacing-right-small:1.92%;--awb-spacing-left-small:1.92%;\" data-scroll-devices=\"small-visibility,medium-visibility,large-visibility\"><div class=\"fusion-column-wrapper fusion-column-has-shadow fusion-flex-justify-content-flex-end fusion-content-layout-row\"><div class=\"fusion-image-element \" style=\"--awb-caption-title-font-family:var(--h2_typography-font-family);--awb-caption-title-font-weight:var(--h2_typography-font-weight);--awb-caption-title-font-style:var(--h2_typography-font-style);--awb-caption-title-size:var(--h2_typography-font-size);--awb-caption-title-transform:var(--h2_typography-text-transform);--awb-caption-title-line-height:var(--h2_typography-line-height);--awb-caption-title-letter-spacing:var(--h2_typography-letter-spacing);\"><span class=\" fusion-imageframe imageframe-none imageframe-5 hover-type-none\"><img decoding=\"async\" width=\"701\" height=\"1024\" alt=\"Detalle de la l\u00e1mpara del pasillo en piso en Sant Cugat del Vall\u00e9s\" title=\"Detall del llum del passad\u00eds en pis a Sant Cugat del Vall\u00e9s\" src=\"https:\/\/claralleal.com\/wp-content\/uploads\/2024\/05\/piso-sant-cugat-detall-quadro-701x1024.jpg\" class=\"img-responsive wp-image-10514\" srcset=\"https:\/\/claralleal.com\/wp-content\/uploads\/2024\/05\/piso-sant-cugat-detall-quadro-200x292.jpg 200w, https:\/\/claralleal.com\/wp-content\/uploads\/2024\/05\/piso-sant-cugat-detall-quadro-400x585.jpg 400w, https:\/\/claralleal.com\/wp-content\/uploads\/2024\/05\/piso-sant-cugat-detall-quadro-600x877.jpg 600w, https:\/\/claralleal.com\/wp-content\/uploads\/2024\/05\/piso-sant-cugat-detall-quadro.jpg 800w\" sizes=\"(max-width: 640px) 100vw, 701px\" \/><\/span><\/div><\/div><\/div><\/div><\/div><div class=\"fusion-fullwidth fullwidth-box fusion-builder-row-8 fusion-flex-container has-pattern-background has-mask-background hundred-percent-fullwidth non-hundred-percent-height-scrolling fusion-animated\" style=\"--awb-border-sizes-left:0;--awb-border-sizes-right:0;--awb-border-radius-top-left:0px;--awb-border-radius-top-right:0px;--awb-border-radius-bottom-right:0px;--awb-border-radius-bottom-left:0px;--awb-flex-wrap:wrap;\" data-animationType=\"slideInUp\" data-animationDuration=\"1.0\" data-animationOffset=\"top-into-view\" ><div class=\"fusion-builder-row fusion-row fusion-flex-align-items-flex-start fusion-flex-justify-content-space-between fusion-flex-content-wrap\" style=\"width:104% !important;max-width:104% !important;margin-left: calc(-4% \/ 2 );margin-right: calc(-4% \/ 2 );\"><div class=\"fusion-layout-column fusion_builder_column fusion-builder-column-12 fusion_builder_column_1_1 1_1 fusion-flex-column\" style=\"--awb-bg-size:cover;--awb-width-large:100%;--awb-margin-top-large:0px;--awb-spacing-right-large:1.92%;--awb-margin-bottom-large:20px;--awb-spacing-left-large:1.92%;--awb-width-medium:100%;--awb-order-medium:0;--awb-spacing-right-medium:1.92%;--awb-spacing-left-medium:1.92%;--awb-width-small:100%;--awb-order-small:0;--awb-spacing-right-small:1.92%;--awb-spacing-left-small:1.92%;\"><div class=\"fusion-column-wrapper fusion-column-has-shadow fusion-flex-justify-content-flex-start fusion-content-layout-column\"><div class=\"fusion-title title fusion-title-6 fusion-sep-none fusion-title-text fusion-title-size-two\" style=\"--awb-margin-top-small:10px;--awb-margin-right-small:0px;--awb-margin-bottom-small:10px;--awb-margin-left-small:0px;\"><h2 class=\"fusion-title-heading title-heading-left\" style=\"margin:0;\"><p style=\"text-align: left;\">Sal\u00f3 menjador i cuina oberta<\/p><\/h2><\/div><\/div><\/div><div class=\"fusion-layout-column fusion_builder_column fusion-builder-column-13 fusion_builder_column_1_2 1_2 fusion-flex-column fusion-flex-align-self-center\" style=\"--awb-bg-size:cover;--awb-width-large:50%;--awb-margin-top-large:30px;--awb-spacing-right-large:3.84%;--awb-margin-bottom-large:20px;--awb-spacing-left-large:3.84%;--awb-width-medium:50%;--awb-order-medium:0;--awb-spacing-right-medium:3.84%;--awb-spacing-left-medium:3.84%;--awb-width-small:100%;--awb-order-small:0;--awb-spacing-right-small:1.92%;--awb-spacing-left-small:1.92%;\" data-scroll-devices=\"small-visibility,medium-visibility,large-visibility\"><div class=\"fusion-column-wrapper fusion-column-has-shadow fusion-flex-justify-content-flex-start fusion-content-layout-column\"><div class=\"fusion-text fusion-text-7\"><p>Al final del passad\u00eds accedim al <strong>sal\u00f3 menjador amb cuina oberta.<\/strong> Tot el mobiliari es va dissenyar a mesura seguint la premissa de combinar els llistons de fusta i el color negre. Un ampli sof\u00e0 chaise longue de Joquerentapissat en un to antracita emmarca la zona de sal\u00f3. Com dispos\u00e0vem d&#8217;una gran superf\u00edcie en el sal\u00f3 aprofitem per a situar un rac\u00f3 de lectura amb una butaca BKF de Isist, un llum dempeus i tot aix\u00f2 emmarcat amb una catifa rodona de fibres naturals de Cotlin.<\/p>\n<\/div><\/div><\/div><div class=\"fusion-layout-column fusion_builder_column fusion-builder-column-14 fusion_builder_column_1_2 1_2 fusion-flex-column fusion-flex-align-self-center\" style=\"--awb-bg-size:cover;--awb-width-large:50%;--awb-margin-top-large:30px;--awb-spacing-right-large:3.84%;--awb-margin-bottom-large:20px;--awb-spacing-left-large:3.84%;--awb-width-medium:50%;--awb-order-medium:0;--awb-spacing-right-medium:3.84%;--awb-spacing-left-medium:3.84%;--awb-width-small:100%;--awb-order-small:0;--awb-spacing-right-small:1.92%;--awb-spacing-left-small:1.92%;\" data-scroll-devices=\"small-visibility,medium-visibility,large-visibility\"><div class=\"fusion-column-wrapper fusion-column-has-shadow fusion-flex-justify-content-flex-start fusion-content-layout-column\"><div class=\"fusion-text fusion-text-8\"><p>El menjador s\u2019organitza al voltant d\u2019una \u00e0mplia taula amb sobre de fusta acompanyada de sis cadires model One de Maggis. Uns llums de Secto fetes amb tires de fusta doblegades recorda els llistons de fusta de la resta del disseny del pis.<\/p>\n<p><strong>La cuina, tant el mobiliari com la placa de cocci\u00f3, va ser dissenyada tota en negre a petici\u00f3 de la clienta.<\/strong> El frontal de la barra tamb\u00e9 ho folrem amb llistons de fusta on situem tres tamborets model One, a conjunt amb les cadires del menjador.<\/p>\n<\/div><\/div><\/div><\/div><\/div><div class=\"fusion-fullwidth fullwidth-box fusion-builder-row-9 fusion-flex-container has-pattern-background has-mask-background hundred-percent-fullwidth non-hundred-percent-height-scrolling\" style=\"--awb-border-radius-top-left:0px;--awb-border-radius-top-right:0px;--awb-border-radius-bottom-right:0px;--awb-border-radius-bottom-left:0px;--awb-flex-wrap:wrap;\" ><div class=\"fusion-builder-row fusion-row fusion-flex-align-items-flex-start fusion-flex-content-wrap\" style=\"width:104% !important;max-width:104% !important;margin-left: calc(-4% \/ 2 );margin-right: calc(-4% \/ 2 );\"><div class=\"fusion-layout-column fusion_builder_column fusion-builder-column-15 fusion_builder_column_1_1 1_1 fusion-flex-column\" style=\"--awb-bg-size:cover;--awb-width-large:100%;--awb-margin-top-large:0px;--awb-spacing-right-large:1.92%;--awb-margin-bottom-large:20px;--awb-spacing-left-large:1.92%;--awb-width-medium:100%;--awb-order-medium:0;--awb-spacing-right-medium:1.92%;--awb-spacing-left-medium:1.92%;--awb-width-small:100%;--awb-order-small:0;--awb-spacing-right-small:1.92%;--awb-spacing-left-small:1.92%;\"><div class=\"fusion-column-wrapper fusion-column-has-shadow fusion-flex-justify-content-flex-start fusion-content-layout-column\"><div class=\"fusion-image-element \" style=\"text-align:center;--awb-caption-title-font-family:var(--h2_typography-font-family);--awb-caption-title-font-weight:var(--h2_typography-font-weight);--awb-caption-title-font-style:var(--h2_typography-font-style);--awb-caption-title-size:var(--h2_typography-font-size);--awb-caption-title-transform:var(--h2_typography-text-transform);--awb-caption-title-line-height:var(--h2_typography-line-height);--awb-caption-title-letter-spacing:var(--h2_typography-letter-spacing);\"><span class=\" fusion-imageframe imageframe-none imageframe-6 hover-type-none\"><img decoding=\"async\" width=\"1571\" height=\"957\" alt=\"Vista general del sal\u00f3n y la cocina con el detalle del cuadro del piso en Sant Cugat del Vall\u00e9s\" title=\"Vista general del menjador i la cuina amb el detall del quadre del pis a Sant Cugat del Vall\u00e9s\" src=\"https:\/\/claralleal.com\/wp-content\/uploads\/2024\/05\/piso-sant-cugat-detalle-cuadro-1.jpg\" class=\"img-responsive wp-image-10516\" srcset=\"https:\/\/claralleal.com\/wp-content\/uploads\/2024\/05\/piso-sant-cugat-detalle-cuadro-1-200x122.jpg 200w, https:\/\/claralleal.com\/wp-content\/uploads\/2024\/05\/piso-sant-cugat-detalle-cuadro-1-400x244.jpg 400w, https:\/\/claralleal.com\/wp-content\/uploads\/2024\/05\/piso-sant-cugat-detalle-cuadro-1-600x365.jpg 600w, https:\/\/claralleal.com\/wp-content\/uploads\/2024\/05\/piso-sant-cugat-detalle-cuadro-1-800x487.jpg 800w, https:\/\/claralleal.com\/wp-content\/uploads\/2024\/05\/piso-sant-cugat-detalle-cuadro-1-1200x731.jpg 1200w, https:\/\/claralleal.com\/wp-content\/uploads\/2024\/05\/piso-sant-cugat-detalle-cuadro-1.jpg 1571w\" sizes=\"(max-width: 640px) 100vw, 1571px\" \/><\/span><\/div><\/div><\/div><\/div><\/div><div class=\"fusion-fullwidth fullwidth-box fusion-builder-row-10 fusion-flex-container has-pattern-background has-mask-background hundred-percent-fullwidth non-hundred-percent-height-scrolling fusion-animated\" style=\"--awb-border-sizes-left:0;--awb-border-sizes-right:0;--awb-border-radius-top-left:0px;--awb-border-radius-top-right:0px;--awb-border-radius-bottom-right:0px;--awb-border-radius-bottom-left:0px;--awb-flex-wrap:wrap;\" data-animationType=\"slideInUp\" data-animationDuration=\"1.0\" data-animationOffset=\"top-into-view\" ><div class=\"fusion-builder-row fusion-row fusion-flex-align-items-flex-start fusion-flex-justify-content-space-between fusion-flex-content-wrap\" style=\"width:104% !important;max-width:104% !important;margin-left: calc(-4% \/ 2 );margin-right: calc(-4% \/ 2 );\"><div class=\"fusion-layout-column fusion_builder_column fusion-builder-column-16 fusion_builder_column_1_2 1_2 fusion-flex-column\" style=\"--awb-bg-size:cover;--awb-width-large:50%;--awb-margin-top-large:0px;--awb-spacing-right-large:3.84%;--awb-margin-bottom-large:20px;--awb-spacing-left-large:3.84%;--awb-width-medium:50%;--awb-order-medium:0;--awb-spacing-right-medium:3.84%;--awb-spacing-left-medium:3.84%;--awb-width-small:100%;--awb-order-small:0;--awb-spacing-right-small:1.92%;--awb-spacing-left-small:1.92%;\" data-scroll-devices=\"small-visibility,medium-visibility,large-visibility\"><div class=\"fusion-column-wrapper fusion-column-has-shadow fusion-flex-justify-content-space-between fusion-content-layout-column\"><div class=\"fusion-image-element \" style=\"--awb-caption-title-font-family:var(--h2_typography-font-family);--awb-caption-title-font-weight:var(--h2_typography-font-weight);--awb-caption-title-font-style:var(--h2_typography-font-style);--awb-caption-title-size:var(--h2_typography-font-size);--awb-caption-title-transform:var(--h2_typography-text-transform);--awb-caption-title-line-height:var(--h2_typography-line-height);--awb-caption-title-letter-spacing:var(--h2_typography-letter-spacing);\"><span class=\" fusion-imageframe imageframe-none imageframe-7 hover-type-none\"><img decoding=\"async\" width=\"900\" height=\"586\" alt=\"Vista general de la cocina del piso en Sant Cugat del Vall\u00e9s\" title=\"Vista general del menjador i la cuina amb el detall del quadre del pis a Sant Cugat del Vall\u00e9s\" src=\"https:\/\/claralleal.com\/wp-content\/uploads\/2024\/05\/piso-sant-cugat-cuina.jpg\" class=\"img-responsive wp-image-10518\" srcset=\"https:\/\/claralleal.com\/wp-content\/uploads\/2024\/05\/piso-sant-cugat-cuina-200x130.jpg 200w, https:\/\/claralleal.com\/wp-content\/uploads\/2024\/05\/piso-sant-cugat-cuina-400x260.jpg 400w, https:\/\/claralleal.com\/wp-content\/uploads\/2024\/05\/piso-sant-cugat-cuina-600x391.jpg 600w, https:\/\/claralleal.com\/wp-content\/uploads\/2024\/05\/piso-sant-cugat-cuina-800x521.jpg 800w, https:\/\/claralleal.com\/wp-content\/uploads\/2024\/05\/piso-sant-cugat-cuina.jpg 900w\" sizes=\"(max-width: 640px) 100vw, 800px\" \/><\/span><\/div><\/div><\/div><div class=\"fusion-layout-column fusion_builder_column fusion-builder-column-17 fusion_builder_column_1_2 1_2 fusion-flex-column\" style=\"--awb-bg-size:cover;--awb-width-large:50%;--awb-margin-top-large:0px;--awb-spacing-right-large:3.84%;--awb-margin-bottom-large:20px;--awb-spacing-left-large:3.84%;--awb-width-medium:50%;--awb-order-medium:0;--awb-spacing-right-medium:3.84%;--awb-spacing-left-medium:3.84%;--awb-width-small:100%;--awb-order-small:0;--awb-spacing-right-small:1.92%;--awb-spacing-left-small:1.92%;\" data-scroll-devices=\"small-visibility,medium-visibility,large-visibility\"><div class=\"fusion-column-wrapper fusion-column-has-shadow fusion-flex-justify-content-space-around fusion-content-layout-column\"><div class=\"fusion-image-element \" style=\"--awb-caption-title-font-family:var(--h2_typography-font-family);--awb-caption-title-font-weight:var(--h2_typography-font-weight);--awb-caption-title-font-style:var(--h2_typography-font-style);--awb-caption-title-size:var(--h2_typography-font-size);--awb-caption-title-transform:var(--h2_typography-text-transform);--awb-caption-title-line-height:var(--h2_typography-line-height);--awb-caption-title-letter-spacing:var(--h2_typography-letter-spacing);\"><span class=\" fusion-imageframe imageframe-none imageframe-8 hover-type-none\"><img decoding=\"async\" width=\"900\" height=\"598\" alt=\"Vista general de la mesa del comedor del piso en Sant Cugat del Vall\u00e9s\" title=\"Vista general de la taula del menjador del pis a Sant Cugat del Vall\u00e9s\" src=\"https:\/\/claralleal.com\/wp-content\/uploads\/2024\/05\/piso-sant-cugat-taula-menjador.jpg\" class=\"img-responsive wp-image-10520\" srcset=\"https:\/\/claralleal.com\/wp-content\/uploads\/2024\/05\/piso-sant-cugat-taula-menjador-200x133.jpg 200w, https:\/\/claralleal.com\/wp-content\/uploads\/2024\/05\/piso-sant-cugat-taula-menjador-400x266.jpg 400w, https:\/\/claralleal.com\/wp-content\/uploads\/2024\/05\/piso-sant-cugat-taula-menjador-600x399.jpg 600w, https:\/\/claralleal.com\/wp-content\/uploads\/2024\/05\/piso-sant-cugat-taula-menjador-800x532.jpg 800w, https:\/\/claralleal.com\/wp-content\/uploads\/2024\/05\/piso-sant-cugat-taula-menjador.jpg 900w\" sizes=\"(max-width: 640px) 100vw, 800px\" \/><\/span><\/div><\/div><\/div><\/div><\/div><div class=\"fusion-fullwidth fullwidth-box fusion-builder-row-11 fusion-flex-container has-pattern-background has-mask-background hundred-percent-fullwidth non-hundred-percent-height-scrolling fusion-animated\" style=\"--awb-border-sizes-left:0;--awb-border-sizes-right:0;--awb-border-radius-top-left:0px;--awb-border-radius-top-right:0px;--awb-border-radius-bottom-right:0px;--awb-border-radius-bottom-left:0px;--awb-flex-wrap:wrap;\" data-animationType=\"slideInUp\" data-animationDuration=\"1.0\" data-animationOffset=\"top-into-view\" ><div class=\"fusion-builder-row fusion-row fusion-flex-align-items-flex-start fusion-flex-justify-content-space-between fusion-flex-content-wrap\" style=\"width:104% !important;max-width:104% !important;margin-left: calc(-4% \/ 2 );margin-right: calc(-4% \/ 2 );\"><div class=\"fusion-layout-column fusion_builder_column fusion-builder-column-18 fusion_builder_column_1_3 1_3 fusion-flex-column fusion-flex-align-self-center\" style=\"--awb-bg-size:cover;--awb-width-large:33.333333333333%;--awb-margin-top-large:30px;--awb-spacing-right-large:5.76%;--awb-margin-bottom-large:20px;--awb-spacing-left-large:5.76%;--awb-width-medium:33.333333333333%;--awb-order-medium:0;--awb-spacing-right-medium:5.76%;--awb-spacing-left-medium:5.76%;--awb-width-small:100%;--awb-order-small:0;--awb-spacing-right-small:1.92%;--awb-spacing-left-small:1.92%;\" data-scroll-devices=\"small-visibility,medium-visibility,large-visibility\"><div class=\"fusion-column-wrapper fusion-column-has-shadow fusion-flex-justify-content-flex-start fusion-content-layout-column\"><div class=\"fusion-title title fusion-title-7 fusion-sep-none fusion-title-text fusion-title-size-two\" style=\"--awb-margin-top-small:10px;--awb-margin-right-small:0px;--awb-margin-bottom-small:10px;--awb-margin-left-small:0px;\"><h2 class=\"fusion-title-heading title-heading-left\" style=\"margin:0;\">El lavabo<\/h2><\/div><div class=\"fusion-text fusion-text-9\"><p><strong>El disseny del lavabo segueix el mateix fil conductor de fusta i negre<\/strong>. Un mirall retroil\u00b7luminat ajuda a potenciar el relleu dels llistons de la paret frontal. En aquest cas, optem per un rentamans de pedra natural grisa amb aixeteria negra.<\/p>\n<\/div><\/div><\/div><div class=\"fusion-layout-column fusion_builder_column fusion-builder-column-19 fusion_builder_column_2_3 2_3 fusion-flex-column\" style=\"--awb-bg-size:cover;--awb-width-large:66.666666666667%;--awb-margin-top-large:0px;--awb-spacing-right-large:2.88%;--awb-margin-bottom-large:20px;--awb-spacing-left-large:2.88%;--awb-width-medium:66.666666666667%;--awb-order-medium:0;--awb-spacing-right-medium:2.88%;--awb-spacing-left-medium:2.88%;--awb-width-small:100%;--awb-order-small:0;--awb-spacing-right-small:1.92%;--awb-spacing-left-small:1.92%;\"><div class=\"fusion-column-wrapper fusion-column-has-shadow fusion-flex-justify-content-flex-start fusion-content-layout-column\"><div class=\"fusion-image-element \" style=\"--awb-caption-title-font-family:var(--h2_typography-font-family);--awb-caption-title-font-weight:var(--h2_typography-font-weight);--awb-caption-title-font-style:var(--h2_typography-font-style);--awb-caption-title-size:var(--h2_typography-font-size);--awb-caption-title-transform:var(--h2_typography-text-transform);--awb-caption-title-line-height:var(--h2_typography-line-height);--awb-caption-title-letter-spacing:var(--h2_typography-letter-spacing);\"><span class=\" fusion-imageframe imageframe-none imageframe-9 hover-type-none\"><img decoding=\"async\" width=\"900\" height=\"592\" alt=\"Aseo de piso en Sant Cugat del Vall\u00e9s\" title=\"Lavabo de pis a Sant Cugat del Vall\u00e9s\" src=\"https:\/\/claralleal.com\/wp-content\/uploads\/2024\/05\/piso-sant-cugat-lavabo.jpg\" class=\"img-responsive wp-image-10522\" srcset=\"https:\/\/claralleal.com\/wp-content\/uploads\/2024\/05\/piso-sant-cugat-lavabo-200x132.jpg 200w, https:\/\/claralleal.com\/wp-content\/uploads\/2024\/05\/piso-sant-cugat-lavabo-400x263.jpg 400w, https:\/\/claralleal.com\/wp-content\/uploads\/2024\/05\/piso-sant-cugat-lavabo-600x395.jpg 600w, https:\/\/claralleal.com\/wp-content\/uploads\/2024\/05\/piso-sant-cugat-lavabo-800x526.jpg 800w, https:\/\/claralleal.com\/wp-content\/uploads\/2024\/05\/piso-sant-cugat-lavabo.jpg 900w\" sizes=\"(max-width: 640px) 100vw, 900px\" \/><\/span><\/div><\/div><\/div><\/div><\/div><div class=\"fusion-fullwidth fullwidth-box fusion-builder-row-12 fusion-flex-container has-pattern-background has-mask-background nonhundred-percent-fullwidth non-hundred-percent-height-scrolling fusion-animated\" style=\"--awb-border-sizes-left:0;--awb-border-sizes-right:0;--awb-border-radius-top-left:0px;--awb-border-radius-top-right:0px;--awb-border-radius-bottom-right:0px;--awb-border-radius-bottom-left:0px;--awb-flex-wrap:wrap;\" data-animationType=\"slideInUp\" data-animationDuration=\"1.0\" data-animationOffset=\"top-into-view\" ><div class=\"fusion-builder-row fusion-row fusion-flex-align-items-flex-start fusion-flex-justify-content-space-between fusion-flex-content-wrap\" style=\"max-width:1352px;margin-left: calc(-4% \/ 2 );margin-right: calc(-4% \/ 2 );\"><div class=\"fusion-layout-column fusion_builder_column fusion-builder-column-20 fusion_builder_column_1_1 1_1 fusion-flex-column\" style=\"--awb-bg-size:cover;--awb-width-large:100%;--awb-margin-top-large:0px;--awb-spacing-right-large:1.92%;--awb-margin-bottom-large:20px;--awb-spacing-left-large:1.92%;--awb-width-medium:100%;--awb-order-medium:0;--awb-spacing-right-medium:1.92%;--awb-spacing-left-medium:1.92%;--awb-width-small:100%;--awb-order-small:0;--awb-spacing-right-small:1.92%;--awb-spacing-left-small:1.92%;\"><div class=\"fusion-column-wrapper fusion-column-has-shadow fusion-flex-justify-content-flex-start fusion-content-layout-column\"><div class=\"fusion-title title fusion-title-8 fusion-sep-none fusion-title-text fusion-title-size-two\" style=\"--awb-margin-top-small:10px;--awb-margin-right-small:0px;--awb-margin-bottom-small:10px;--awb-margin-left-small:0px;\"><h2 class=\"fusion-title-heading title-heading-left\" style=\"margin:0;\">Continu\u00eftat visual a la suite principal<\/h2><\/div><\/div><\/div><div class=\"fusion-layout-column fusion_builder_column fusion-builder-column-21 fusion_builder_column_1_1 1_1 fusion-flex-column fusion-flex-align-self-center\" style=\"--awb-bg-size:cover;--awb-width-large:100%;--awb-margin-top-large:30px;--awb-spacing-right-large:1.92%;--awb-margin-bottom-large:20px;--awb-spacing-left-large:1.92%;--awb-width-medium:100%;--awb-order-medium:0;--awb-spacing-right-medium:1.92%;--awb-spacing-left-medium:1.92%;--awb-width-small:100%;--awb-order-small:0;--awb-spacing-right-small:1.92%;--awb-spacing-left-small:1.92%;\" data-scroll-devices=\"small-visibility,medium-visibility,large-visibility\"><div class=\"fusion-column-wrapper fusion-column-has-shadow fusion-flex-justify-content-flex-start fusion-content-layout-column\"><div class=\"fusion-text fusion-text-10\"><p style=\"font-weight: 400;\"><strong>La suite principal te una \u00e0mplia zona d\u2019armaris i un bany obert a la mateixa habitaci\u00f3.<\/strong> En quedar obert, es busca una continu\u00eftat visual mitjan\u00e7ant l\u2019\u00fas dels mateixos materials. Per aix\u00f2, l\u2019enllistonat de fusta del cap\u00e7al del llit tamb\u00e9 el trobem a l\u2019armari i al moble del bany. El cap\u00e7al, dissenyat a mida, incorpora una llum LED encastada a la part superior que ressalta el relleu 3D dels llistons. Un parell de llums d\u2019Estiluz suspeses a banda i banda del llit, sobre les tauletes de nit, acaben d\u2019aportar el toc de disseny al dormitori.<\/p>\n<\/div><\/div><\/div><\/div><\/div><div class=\"fusion-fullwidth fullwidth-box fusion-builder-row-13 fusion-flex-container has-pattern-background has-mask-background nonhundred-percent-fullwidth non-hundred-percent-height-scrolling fusion-animated\" style=\"--awb-border-sizes-left:0;--awb-border-sizes-right:0;--awb-border-radius-top-left:0px;--awb-border-radius-top-right:0px;--awb-border-radius-bottom-right:0px;--awb-border-radius-bottom-left:0px;--awb-flex-wrap:wrap;\" data-animationType=\"slideInUp\" data-animationDuration=\"1.0\" data-animationOffset=\"top-into-view\" ><div class=\"fusion-builder-row fusion-row fusion-flex-align-items-flex-start fusion-flex-justify-content-space-between fusion-flex-content-wrap\" style=\"max-width:1352px;margin-left: calc(-4% \/ 2 );margin-right: calc(-4% \/ 2 );\"><div class=\"fusion-layout-column fusion_builder_column fusion-builder-column-22 fusion_builder_column_1_1 1_1 fusion-flex-column\" style=\"--awb-bg-size:cover;--awb-width-large:100%;--awb-margin-top-large:0px;--awb-spacing-right-large:1.92%;--awb-margin-bottom-large:20px;--awb-spacing-left-large:1.92%;--awb-width-medium:100%;--awb-order-medium:0;--awb-spacing-right-medium:1.92%;--awb-spacing-left-medium:1.92%;--awb-width-small:100%;--awb-order-small:0;--awb-spacing-right-small:1.92%;--awb-spacing-left-small:1.92%;\" data-scroll-devices=\"small-visibility,medium-visibility,large-visibility\"><div class=\"fusion-column-wrapper fusion-column-has-shadow fusion-flex-justify-content-space-between fusion-content-layout-column\"><div class=\"fusion-image-element \" style=\"--awb-caption-title-font-family:var(--h2_typography-font-family);--awb-caption-title-font-weight:var(--h2_typography-font-weight);--awb-caption-title-font-style:var(--h2_typography-font-style);--awb-caption-title-size:var(--h2_typography-font-size);--awb-caption-title-transform:var(--h2_typography-text-transform);--awb-caption-title-line-height:var(--h2_typography-line-height);--awb-caption-title-letter-spacing:var(--h2_typography-letter-spacing);\"><span class=\" fusion-imageframe imageframe-none imageframe-10 hover-type-none\"><img decoding=\"async\" width=\"1024\" height=\"684\" alt=\"Suit principal en piso en Sant Cugat del Vall\u00e9s\" title=\"Suit principal en pis en Sant Cugat del Vall\u00e9s\" src=\"https:\/\/claralleal.com\/wp-content\/uploads\/2024\/05\/piso-sant-cugat-habitacion-suit-principal-1-1024x684.jpg\" class=\"img-responsive wp-image-10524\" srcset=\"https:\/\/claralleal.com\/wp-content\/uploads\/2024\/05\/piso-sant-cugat-habitacion-suit-principal-1-200x134.jpg 200w, https:\/\/claralleal.com\/wp-content\/uploads\/2024\/05\/piso-sant-cugat-habitacion-suit-principal-1-400x267.jpg 400w, https:\/\/claralleal.com\/wp-content\/uploads\/2024\/05\/piso-sant-cugat-habitacion-suit-principal-1-600x401.jpg 600w, https:\/\/claralleal.com\/wp-content\/uploads\/2024\/05\/piso-sant-cugat-habitacion-suit-principal-1-800x534.jpg 800w, https:\/\/claralleal.com\/wp-content\/uploads\/2024\/05\/piso-sant-cugat-habitacion-suit-principal-1-1200x801.jpg 1200w, https:\/\/claralleal.com\/wp-content\/uploads\/2024\/05\/piso-sant-cugat-habitacion-suit-principal-1.jpg 1676w\" sizes=\"(max-width: 640px) 100vw, 1024px\" \/><\/span><\/div><\/div><\/div><\/div><\/div><div class=\"fusion-fullwidth fullwidth-box fusion-builder-row-14 fusion-flex-container has-pattern-background has-mask-background nonhundred-percent-fullwidth non-hundred-percent-height-scrolling\" style=\"--awb-border-radius-top-left:0px;--awb-border-radius-top-right:0px;--awb-border-radius-bottom-right:0px;--awb-border-radius-bottom-left:0px;--awb-flex-wrap:wrap;\" ><div class=\"fusion-builder-row fusion-row fusion-flex-align-items-flex-start fusion-flex-content-wrap\" style=\"max-width:1352px;margin-left: calc(-4% \/ 2 );margin-right: calc(-4% \/ 2 );\"><div class=\"fusion-layout-column fusion_builder_column fusion-builder-column-23 fusion_builder_column_1_1 1_1 fusion-flex-column\" style=\"--awb-bg-size:cover;--awb-width-large:100%;--awb-margin-top-large:0px;--awb-spacing-right-large:1.92%;--awb-margin-bottom-large:20px;--awb-spacing-left-large:1.92%;--awb-width-medium:100%;--awb-order-medium:0;--awb-spacing-right-medium:1.92%;--awb-spacing-left-medium:1.92%;--awb-width-small:100%;--awb-order-small:0;--awb-spacing-right-small:1.92%;--awb-spacing-left-small:1.92%;\"><div class=\"fusion-column-wrapper fusion-column-has-shadow fusion-flex-justify-content-flex-start fusion-content-layout-column\"><div class=\"fusion-text fusion-text-11\"><p><strong>Al bany principal, un altre dels requisits de la clienta \u00e9s una gran banyera amb hidromassatge<\/strong>, amb la particularitat que, en aquest model, els filtres per on surten els dolls d\u2019aigua no s\u00f3n visibles. El moble de la zona de rentamans queda susp\u00e8s i completament emmarcat per un mirall en tot el seu per\u00edmetre. Uns llums suspesos de cristall color bronze de, a cada lateral, acaben de vestir aquest espai. Les aixeteries i els accessoris de bany tamb\u00e9 s\u2019han triat en to bronze, <strong>en coher\u00e8ncia amb l\u2019acabat dels llums<\/strong>.<\/p>\n<\/div><\/div><\/div><\/div><\/div><div class=\"fusion-fullwidth fullwidth-box fusion-builder-row-15 fusion-flex-container has-pattern-background has-mask-background hundred-percent-fullwidth non-hundred-percent-height-scrolling fusion-animated\" style=\"--awb-border-radius-top-left:0px;--awb-border-radius-top-right:0px;--awb-border-radius-bottom-right:0px;--awb-border-radius-bottom-left:0px;--awb-flex-wrap:wrap;\" data-animationType=\"fadeInLeft\" data-animationDuration=\"0.3\" data-animationOffset=\"top-into-view\" ><div class=\"fusion-builder-row fusion-row fusion-flex-align-items-flex-start fusion-flex-justify-content-center fusion-flex-content-wrap\" style=\"width:104% !important;max-width:104% !important;margin-left: calc(-4% \/ 2 );margin-right: calc(-4% \/ 2 );\"><div class=\"fusion-layout-column fusion_builder_column fusion-builder-column-24 fusion_builder_column_1_2 1_2 fusion-flex-column fusion-flex-align-self-flex-start\" style=\"--awb-bg-size:cover;--awb-width-large:50%;--awb-margin-top-large:0px;--awb-spacing-right-large:3.84%;--awb-margin-bottom-large:20px;--awb-spacing-left-large:3.84%;--awb-width-medium:50%;--awb-order-medium:0;--awb-spacing-right-medium:3.84%;--awb-spacing-left-medium:3.84%;--awb-width-small:100%;--awb-order-small:0;--awb-spacing-right-small:1.92%;--awb-spacing-left-small:1.92%;\" data-scroll-devices=\"small-visibility,medium-visibility,large-visibility\"><div class=\"fusion-column-wrapper fusion-column-has-shadow fusion-flex-justify-content-center fusion-content-layout-row\"><div class=\"fusion-image-element \" style=\"--awb-caption-title-font-family:var(--h2_typography-font-family);--awb-caption-title-font-weight:var(--h2_typography-font-weight);--awb-caption-title-font-style:var(--h2_typography-font-style);--awb-caption-title-size:var(--h2_typography-font-size);--awb-caption-title-transform:var(--h2_typography-text-transform);--awb-caption-title-line-height:var(--h2_typography-line-height);--awb-caption-title-letter-spacing:var(--h2_typography-letter-spacing);\"><span class=\" fusion-imageframe imageframe-none imageframe-11 hover-type-none\"><img decoding=\"async\" width=\"900\" height=\"643\" alt=\"Imagen del ba\u00f1o principal de la suit del piso en Sant Cugat del Vall\u00e9s\" title=\"Imatge del bany principal de la suit del pis a Sant Cugat del Vall\u00e9s\" src=\"https:\/\/claralleal.com\/wp-content\/uploads\/2024\/05\/piso-sant-cugat-bano-suit-1.jpg\" class=\"img-responsive wp-image-10526\" srcset=\"https:\/\/claralleal.com\/wp-content\/uploads\/2024\/05\/piso-sant-cugat-bano-suit-1-200x143.jpg 200w, https:\/\/claralleal.com\/wp-content\/uploads\/2024\/05\/piso-sant-cugat-bano-suit-1-400x286.jpg 400w, https:\/\/claralleal.com\/wp-content\/uploads\/2024\/05\/piso-sant-cugat-bano-suit-1-600x429.jpg 600w, https:\/\/claralleal.com\/wp-content\/uploads\/2024\/05\/piso-sant-cugat-bano-suit-1-800x572.jpg 800w, https:\/\/claralleal.com\/wp-content\/uploads\/2024\/05\/piso-sant-cugat-bano-suit-1.jpg 900w\" sizes=\"(max-width: 640px) 100vw, 800px\" \/><\/span><\/div><\/div><\/div><div class=\"fusion-layout-column fusion_builder_column fusion-builder-column-25 fusion_builder_column_1_2 1_2 fusion-flex-column fusion-flex-align-self-flex-start\" style=\"--awb-bg-size:cover;--awb-width-large:50%;--awb-margin-top-large:0px;--awb-spacing-right-large:3.84%;--awb-margin-bottom-large:0px;--awb-spacing-left-large:3.84%;--awb-width-medium:50%;--awb-order-medium:0;--awb-spacing-right-medium:3.84%;--awb-spacing-left-medium:3.84%;--awb-width-small:100%;--awb-order-small:0;--awb-spacing-right-small:1.92%;--awb-spacing-left-small:1.92%;\" data-scroll-devices=\"small-visibility,medium-visibility,large-visibility\"><div class=\"fusion-column-wrapper fusion-column-has-shadow fusion-flex-justify-content-center fusion-content-layout-row\"><div class=\"fusion-image-element \" style=\"--awb-caption-title-font-family:var(--h2_typography-font-family);--awb-caption-title-font-weight:var(--h2_typography-font-weight);--awb-caption-title-font-style:var(--h2_typography-font-style);--awb-caption-title-size:var(--h2_typography-font-size);--awb-caption-title-transform:var(--h2_typography-text-transform);--awb-caption-title-line-height:var(--h2_typography-line-height);--awb-caption-title-letter-spacing:var(--h2_typography-letter-spacing);\"><span class=\" fusion-imageframe imageframe-none imageframe-12 hover-type-none\"><img decoding=\"async\" width=\"900\" height=\"643\" alt=\"Imagen de la ba\u00f1era del ba\u00f1o de la suit principal del piso en Sant Cugat del Vall\u00e9s\" title=\"Imatge del bany principal de la suit del pis a Sant Cugat del Vall\u00e9s\" src=\"https:\/\/claralleal.com\/wp-content\/uploads\/2024\/05\/piso-sant-cugat-vista-banera-1.jpg\" class=\"img-responsive wp-image-10528\" srcset=\"https:\/\/claralleal.com\/wp-content\/uploads\/2024\/05\/piso-sant-cugat-vista-banera-1-200x143.jpg 200w, https:\/\/claralleal.com\/wp-content\/uploads\/2024\/05\/piso-sant-cugat-vista-banera-1-400x286.jpg 400w, https:\/\/claralleal.com\/wp-content\/uploads\/2024\/05\/piso-sant-cugat-vista-banera-1-600x429.jpg 600w, https:\/\/claralleal.com\/wp-content\/uploads\/2024\/05\/piso-sant-cugat-vista-banera-1-800x572.jpg 800w, https:\/\/claralleal.com\/wp-content\/uploads\/2024\/05\/piso-sant-cugat-vista-banera-1.jpg 900w\" sizes=\"(max-width: 640px) 100vw, 800px\" \/><\/span><\/div><\/div><\/div><\/div><\/div><div class=\"fusion-fullwidth fullwidth-box fusion-builder-row-16 fusion-flex-container has-pattern-background has-mask-background hundred-percent-fullwidth non-hundred-percent-height-scrolling fusion-animated\" style=\"--awb-border-sizes-left:0;--awb-border-sizes-right:0;--awb-border-radius-top-left:0px;--awb-border-radius-top-right:0px;--awb-border-radius-bottom-right:0px;--awb-border-radius-bottom-left:0px;--awb-flex-wrap:wrap;\" data-animationType=\"slideInUp\" data-animationDuration=\"1.0\" data-animationOffset=\"top-into-view\" ><div class=\"fusion-builder-row fusion-row fusion-flex-align-items-flex-start fusion-flex-justify-content-space-between fusion-flex-content-wrap\" style=\"width:104% !important;max-width:104% !important;margin-left: calc(-4% \/ 2 );margin-right: calc(-4% \/ 2 );\"><div class=\"fusion-layout-column fusion_builder_column fusion-builder-column-26 fusion_builder_column_1_3 1_3 fusion-flex-column fusion-flex-align-self-center\" style=\"--awb-bg-size:cover;--awb-width-large:33.333333333333%;--awb-margin-top-large:30px;--awb-spacing-right-large:5.76%;--awb-margin-bottom-large:20px;--awb-spacing-left-large:5.76%;--awb-width-medium:33.333333333333%;--awb-order-medium:0;--awb-spacing-right-medium:5.76%;--awb-spacing-left-medium:5.76%;--awb-width-small:100%;--awb-order-small:0;--awb-spacing-right-small:1.92%;--awb-spacing-left-small:1.92%;\" data-scroll-devices=\"small-visibility,medium-visibility,large-visibility\"><div class=\"fusion-column-wrapper fusion-column-has-shadow fusion-flex-justify-content-flex-start fusion-content-layout-column\"><div class=\"fusion-title title fusion-title-9 fusion-sep-none fusion-title-text fusion-title-size-two\" style=\"--awb-margin-top-small:10px;--awb-margin-right-small:0px;--awb-margin-bottom-small:10px;--awb-margin-left-small:0px;\"><h2 class=\"fusion-title-heading title-heading-left\" style=\"margin:0;\">L&#8217;habitaci\u00f3 d&#8217;una fan del futbol<\/h2><\/div><div class=\"fusion-text fusion-text-12\"><p>Finalment, l<strong>\u2019habitaci\u00f3 d\u2019una de les nenes de la casa es dissenya en tons molt foscos, gaireb\u00e9 negres<\/strong>, tant al dormitori com al seu bany. Aquesta elecci\u00f3 respon a una petici\u00f3 seva, ja que \u00e9s una gran admiradora de les jugadores de futbol actuals, un esport que tamb\u00e9 practica. Per aix\u00f2, era essencial integrar les samarretes i objectes de les seves jugadores favorites com a elements decoratius.<\/p>\n<\/div><\/div><\/div><div class=\"fusion-layout-column fusion_builder_column fusion-builder-column-27 fusion_builder_column_2_3 2_3 fusion-flex-column\" style=\"--awb-bg-size:cover;--awb-width-large:66.666666666667%;--awb-margin-top-large:0px;--awb-spacing-right-large:2.88%;--awb-margin-bottom-large:20px;--awb-spacing-left-large:2.88%;--awb-width-medium:66.666666666667%;--awb-order-medium:0;--awb-spacing-right-medium:2.88%;--awb-spacing-left-medium:2.88%;--awb-width-small:100%;--awb-order-small:0;--awb-spacing-right-small:1.92%;--awb-spacing-left-small:1.92%;\"><div class=\"fusion-column-wrapper fusion-column-has-shadow fusion-flex-justify-content-flex-start fusion-content-layout-column\"><div class=\"fusion-image-element \" style=\"--awb-caption-title-font-family:var(--h2_typography-font-family);--awb-caption-title-font-weight:var(--h2_typography-font-weight);--awb-caption-title-font-style:var(--h2_typography-font-style);--awb-caption-title-size:var(--h2_typography-font-size);--awb-caption-title-transform:var(--h2_typography-text-transform);--awb-caption-title-line-height:var(--h2_typography-line-height);--awb-caption-title-letter-spacing:var(--h2_typography-letter-spacing);\"><span class=\" fusion-imageframe imageframe-none imageframe-13 hover-type-none\"><img decoding=\"async\" width=\"900\" height=\"601\" alt=\"Habitaci\u00f3n infantil en piso en Sant Cugat del Vall\u00e9s\" title=\"Habitaci\u00f3 infantil en pis a Sant Cugat del Vall\u00e9s\" src=\"https:\/\/claralleal.com\/wp-content\/uploads\/2024\/05\/piso-sant-cugat-habitacion-filla.jpg\" class=\"img-responsive wp-image-10530\" srcset=\"https:\/\/claralleal.com\/wp-content\/uploads\/2024\/05\/piso-sant-cugat-habitacion-filla-200x134.jpg 200w, https:\/\/claralleal.com\/wp-content\/uploads\/2024\/05\/piso-sant-cugat-habitacion-filla-400x267.jpg 400w, https:\/\/claralleal.com\/wp-content\/uploads\/2024\/05\/piso-sant-cugat-habitacion-filla-600x401.jpg 600w, https:\/\/claralleal.com\/wp-content\/uploads\/2024\/05\/piso-sant-cugat-habitacion-filla-800x534.jpg 800w, https:\/\/claralleal.com\/wp-content\/uploads\/2024\/05\/piso-sant-cugat-habitacion-filla.jpg 900w\" sizes=\"(max-width: 640px) 100vw, 900px\" \/><\/span><\/div><\/div><\/div><\/div><\/div><div class=\"fusion-fullwidth fullwidth-box fusion-builder-row-17 fusion-flex-container has-pattern-background has-mask-background nonhundred-percent-fullwidth non-hundred-percent-height-scrolling\" style=\"--awb-border-radius-top-left:0px;--awb-border-radius-top-right:0px;--awb-border-radius-bottom-right:0px;--awb-border-radius-bottom-left:0px;--awb-margin-top:20px;--awb-margin-bottom:20px;--awb-flex-wrap:wrap;\" ><div class=\"fusion-builder-row fusion-row fusion-flex-align-items-flex-start fusion-flex-content-wrap\" style=\"max-width:1352px;margin-left: calc(-4% \/ 2 );margin-right: calc(-4% \/ 2 );\"><div class=\"fusion-layout-column fusion_builder_column fusion-builder-column-28 fusion_builder_column_1_1 1_1 fusion-flex-column\" style=\"--awb-bg-size:cover;--awb-width-large:100%;--awb-margin-top-large:0px;--awb-spacing-right-large:1.92%;--awb-margin-bottom-large:20px;--awb-spacing-left-large:1.92%;--awb-width-medium:100%;--awb-order-medium:0;--awb-spacing-right-medium:1.92%;--awb-spacing-left-medium:1.92%;--awb-width-small:100%;--awb-order-small:0;--awb-spacing-right-small:1.92%;--awb-spacing-left-small:1.92%;\"><div class=\"fusion-column-wrapper fusion-column-has-shadow fusion-flex-justify-content-flex-start fusion-content-layout-column\"><div class=\"fusion-separator fusion-full-width-sep\" style=\"align-self: center;margin-left: auto;margin-right: auto;margin-top:20px;margin-bottom:20px;width:100%;\"><div class=\"fusion-separator-border sep-single sep-dotted\" style=\"--awb-height:20px;--awb-amount:20px;--awb-sep-color:#f5f3ef;border-color:#f5f3ef;border-top-width:3px;\"><\/div><\/div><\/div><\/div><div class=\"fusion-layout-column fusion_builder_column fusion-builder-column-29 fusion_builder_column_1_6 1_6 fusion-flex-column\" style=\"--awb-bg-size:cover;--awb-width-large:16.666666666667%;--awb-margin-top-large:0px;--awb-spacing-right-large:11.52%;--awb-margin-bottom-large:20px;--awb-spacing-left-large:11.52%;--awb-width-medium:16.666666666667%;--awb-order-medium:0;--awb-spacing-right-medium:11.52%;--awb-spacing-left-medium:11.52%;--awb-width-small:100%;--awb-order-small:0;--awb-spacing-right-small:1.92%;--awb-spacing-left-small:1.92%;\"><div class=\"fusion-column-wrapper fusion-column-has-shadow fusion-flex-justify-content-flex-start fusion-content-layout-column\"><\/div><\/div><div class=\"fusion-layout-column fusion_builder_column fusion-builder-column-30 fusion_builder_column_1_3 1_3 fusion-flex-column\" style=\"--awb-bg-size:cover;--awb-width-large:33.333333333333%;--awb-margin-top-large:0px;--awb-spacing-right-large:5.76%;--awb-margin-bottom-large:20px;--awb-spacing-left-large:5.76%;--awb-width-medium:33.333333333333%;--awb-order-medium:0;--awb-spacing-right-medium:5.76%;--awb-spacing-left-medium:5.76%;--awb-width-small:100%;--awb-order-small:0;--awb-spacing-right-small:1.92%;--awb-spacing-left-small:1.92%;\"><div class=\"fusion-column-wrapper fusion-column-has-shadow fusion-flex-justify-content-flex-start fusion-content-layout-column\"><div class=\"fusion-title title fusion-title-10 fusion-sep-none fusion-title-text fusion-title-size-two\" style=\"--awb-margin-top-small:10px;--awb-margin-right-small:0px;--awb-margin-bottom-small:10px;--awb-margin-left-small:0px;\"><h2 class=\"fusion-title-heading title-heading-left\" style=\"margin:0;\">FITXA T\u00c8CNICA<\/h2><\/div><div class=\"fusion-text fusion-text-13\"><p>Reforma habitatge a Sant Cugat del Vall\u00e9s, Barcelona<\/p>\n<\/div><\/div><\/div><div class=\"fusion-layout-column fusion_builder_column fusion-builder-column-31 fusion_builder_column_1_3 1_3 fusion-flex-column\" style=\"--awb-bg-size:cover;--awb-width-large:33.333333333333%;--awb-margin-top-large:0px;--awb-spacing-right-large:5.76%;--awb-margin-bottom-large:20px;--awb-spacing-left-large:5.76%;--awb-width-medium:33.333333333333%;--awb-order-medium:0;--awb-spacing-right-medium:5.76%;--awb-spacing-left-medium:5.76%;--awb-width-small:100%;--awb-order-small:0;--awb-spacing-right-small:1.92%;--awb-spacing-left-small:1.92%;\"><div class=\"fusion-column-wrapper fusion-column-has-shadow fusion-flex-justify-content-flex-start fusion-content-layout-column\"><div class=\"accordian fusion-accordian\" style=\"--awb-border-size:1px;--awb-icon-size:16px;--awb-content-font-size:var(--awb-typography4-font-size);--awb-icon-alignment:left;--awb-hover-color:var(--awb-color2);--awb-border-color:var(--awb-color3);--awb-background-color:var(--awb-color1);--awb-divider-color:var(--awb-color3);--awb-divider-hover-color:var(--awb-color3);--awb-icon-color:var(--awb-color1);--awb-title-color:#718087;--awb-content-color:var(--awb-color8);--awb-icon-box-color:#f5f3ef;--awb-toggle-hover-accent-color:var(--awb-color5);--awb-title-font-family:-apple-system, BlinkMacSystemFont, &#039;Segoe UI&#039;, Roboto, Oxygen-Sans, Ubuntu, Cantarell, &#039;Helvetica Neue&#039; ,sans-serif;--awb-title-font-weight:400;--awb-title-font-style:normal;--awb-title-font-size:16px;--awb-content-font-family:var(--awb-typography4-font-family);--awb-content-font-weight:var(--awb-typography4-font-weight);--awb-content-font-style:var(--awb-typography4-font-style);\"><div class=\"panel-group fusion-toggle-icon-boxed\" id=\"accordion-10488-1\"><div class=\"fusion-panel panel-default panel-a8f6d25359d07f4f7 fusion-toggle-has-divider\" style=\"--awb-title-color:var(--awb-color8);--awb-content-color:var(--awb-color8);\"><div class=\"panel-heading\"><h4 class=\"panel-title toggle\" id=\"toggle_a8f6d25359d07f4f7\"><a aria-expanded=\"false\" aria-controls=\"a8f6d25359d07f4f7\" role=\"button\" data-toggle=\"collapse\" data-parent=\"#accordion-10488-1\" data-target=\"#a8f6d25359d07f4f7\" href=\"#a8f6d25359d07f4f7\"><span class=\"fusion-toggle-icon-wrapper\" aria-hidden=\"true\"><i class=\"fa-fusion-box active-icon awb-icon-minus\" aria-hidden=\"true\"><\/i><i class=\"fa-fusion-box inactive-icon awb-icon-plus\" aria-hidden=\"true\"><\/i><\/span><span class=\"fusion-toggle-heading\">Fot\u00f2graf<\/span><\/a><\/h4><\/div><div id=\"a8f6d25359d07f4f7\" class=\"panel-collapse collapse \" aria-labelledby=\"toggle_a8f6d25359d07f4f7\"><div class=\"panel-body toggle-content fusion-clearfix\">\n<p>Felipe Mena<\/p>\n<\/div><\/div><\/div><div class=\"fusion-panel panel-default panel-487bb72cfcbfdb184 fusion-toggle-has-divider\" style=\"--awb-title-color:var(--awb-color8);--awb-content-color:var(--awb-color8);\"><div class=\"panel-heading\"><h4 class=\"panel-title toggle\" id=\"toggle_487bb72cfcbfdb184\"><a aria-expanded=\"false\" aria-controls=\"487bb72cfcbfdb184\" role=\"button\" data-toggle=\"collapse\" data-parent=\"#accordion-10488-1\" data-target=\"#487bb72cfcbfdb184\" href=\"#487bb72cfcbfdb184\"><span class=\"fusion-toggle-icon-wrapper\" aria-hidden=\"true\"><i class=\"fa-fusion-box active-icon awb-icon-minus\" aria-hidden=\"true\"><\/i><i class=\"fa-fusion-box inactive-icon awb-icon-plus\" aria-hidden=\"true\"><\/i><\/span><span class=\"fusion-toggle-heading\">Superf\u00edcie<\/span><\/a><\/h4><\/div><div id=\"487bb72cfcbfdb184\" class=\"panel-collapse collapse \" aria-labelledby=\"toggle_487bb72cfcbfdb184\"><div class=\"panel-body toggle-content fusion-clearfix\">\n<p>180m<sup>2<\/sup><\/p>\n<\/div><\/div><\/div><div class=\"fusion-panel panel-default panel-89c2a2aa8ba0975cd fusion-toggle-has-divider\" style=\"--awb-title-color:var(--awb-color8);--awb-content-color:var(--awb-color8);\"><div class=\"panel-heading\"><h4 class=\"panel-title toggle\" id=\"toggle_89c2a2aa8ba0975cd\"><a aria-expanded=\"false\" aria-controls=\"89c2a2aa8ba0975cd\" role=\"button\" data-toggle=\"collapse\" data-parent=\"#accordion-10488-1\" data-target=\"#89c2a2aa8ba0975cd\" href=\"#89c2a2aa8ba0975cd\"><span class=\"fusion-toggle-icon-wrapper\" aria-hidden=\"true\"><i class=\"fa-fusion-box active-icon awb-icon-minus\" aria-hidden=\"true\"><\/i><i class=\"fa-fusion-box inactive-icon awb-icon-plus\" aria-hidden=\"true\"><\/i><\/span><span class=\"fusion-toggle-heading\">Mobles<\/span><\/a><\/h4><\/div><div id=\"89c2a2aa8ba0975cd\" class=\"panel-collapse collapse \" aria-labelledby=\"toggle_89c2a2aa8ba0975cd\"><div class=\"panel-body toggle-content fusion-clearfix\">\n<p>Maggis, Ethnicraft, Isist Atelier, Joquer, Gandia Blasco<\/p>\n<\/div><\/div><\/div><div class=\"fusion-panel panel-default panel-4333b2453c5c8d145 fusion-toggle-has-divider\" style=\"--awb-title-color:var(--awb-color8);--awb-content-color:var(--awb-color8);\"><div class=\"panel-heading\"><h4 class=\"panel-title toggle\" id=\"toggle_4333b2453c5c8d145\"><a aria-expanded=\"false\" aria-controls=\"4333b2453c5c8d145\" role=\"button\" data-toggle=\"collapse\" data-parent=\"#accordion-10488-1\" data-target=\"#4333b2453c5c8d145\" href=\"#4333b2453c5c8d145\"><span class=\"fusion-toggle-icon-wrapper\" aria-hidden=\"true\"><i class=\"fa-fusion-box active-icon awb-icon-minus\" aria-hidden=\"true\"><\/i><i class=\"fa-fusion-box inactive-icon awb-icon-plus\" aria-hidden=\"true\"><\/i><\/span><span class=\"fusion-toggle-heading\">Catifa<\/span><\/a><\/h4><\/div><div id=\"4333b2453c5c8d145\" class=\"panel-collapse collapse \" aria-labelledby=\"toggle_4333b2453c5c8d145\"><div class=\"panel-body toggle-content fusion-clearfix\">\n<p>Cotlin<\/p>\n<\/div><\/div><\/div><div class=\"fusion-panel panel-default panel-5129427694f5861ca fusion-toggle-has-divider\" style=\"--awb-title-color:var(--awb-color8);--awb-content-color:var(--awb-color8);\"><div class=\"panel-heading\"><h4 class=\"panel-title toggle\" id=\"toggle_5129427694f5861ca\"><a aria-expanded=\"false\" aria-controls=\"5129427694f5861ca\" role=\"button\" data-toggle=\"collapse\" data-parent=\"#accordion-10488-1\" data-target=\"#5129427694f5861ca\" href=\"#5129427694f5861ca\"><span class=\"fusion-toggle-icon-wrapper\" aria-hidden=\"true\"><i class=\"fa-fusion-box active-icon awb-icon-minus\" aria-hidden=\"true\"><\/i><i class=\"fa-fusion-box inactive-icon awb-icon-plus\" aria-hidden=\"true\"><\/i><\/span><span class=\"fusion-toggle-heading\">Il\u00b7luminaci\u00f3<\/span><\/a><\/h4><\/div><div id=\"5129427694f5861ca\" class=\"panel-collapse collapse \" aria-labelledby=\"toggle_5129427694f5861ca\"><div class=\"panel-body toggle-content fusion-clearfix\">\n<p>Secto, Estiluz, Lyte, Penta, DCW \u00c9ditions, FM iluminaci\u00f3n<\/p>\n<\/div><\/div><\/div><div class=\"fusion-panel panel-default panel-179ed3d7edadeffa1 fusion-toggle-has-divider\" style=\"--awb-title-color:var(--awb-color8);--awb-content-color:var(--awb-color8);\"><div class=\"panel-heading\"><h4 class=\"panel-title toggle\" id=\"toggle_179ed3d7edadeffa1\"><a aria-expanded=\"false\" aria-controls=\"179ed3d7edadeffa1\" role=\"button\" data-toggle=\"collapse\" data-parent=\"#accordion-10488-1\" data-target=\"#179ed3d7edadeffa1\" href=\"#179ed3d7edadeffa1\"><span class=\"fusion-toggle-icon-wrapper\" aria-hidden=\"true\"><i class=\"fa-fusion-box active-icon awb-icon-minus\" aria-hidden=\"true\"><\/i><i class=\"fa-fusion-box inactive-icon awb-icon-plus\" aria-hidden=\"true\"><\/i><\/span><span class=\"fusion-toggle-heading\">Quadres<\/span><\/a><\/h4><\/div><div id=\"179ed3d7edadeffa1\" class=\"panel-collapse collapse \" aria-labelledby=\"toggle_179ed3d7edadeffa1\"><div class=\"panel-body toggle-content fusion-clearfix\">\n<p>Juanma Noguera<\/p>\n<\/div><\/div><\/div><\/div><\/div><\/div><\/div><div class=\"fusion-layout-column fusion_builder_column fusion-builder-column-32 fusion_builder_column_1_6 1_6 fusion-flex-column\" style=\"--awb-bg-size:cover;--awb-width-large:16.666666666667%;--awb-margin-top-large:0px;--awb-spacing-right-large:11.52%;--awb-margin-bottom-large:20px;--awb-spacing-left-large:11.52%;--awb-width-medium:16.666666666667%;--awb-order-medium:0;--awb-spacing-right-medium:11.52%;--awb-spacing-left-medium:11.52%;--awb-width-small:100%;--awb-order-small:0;--awb-spacing-right-small:1.92%;--awb-spacing-left-small:1.92%;\"><div class=\"fusion-column-wrapper fusion-column-has-shadow fusion-flex-justify-content-flex-start fusion-content-layout-column\"><\/div><\/div><div class=\"fusion-layout-column fusion_builder_column fusion-builder-column-33 fusion_builder_column_1_1 1_1 fusion-flex-column\" style=\"--awb-bg-size:cover;--awb-width-large:100%;--awb-margin-top-large:0px;--awb-spacing-right-large:1.92%;--awb-margin-bottom-large:20px;--awb-spacing-left-large:1.92%;--awb-width-medium:100%;--awb-order-medium:0;--awb-spacing-right-medium:1.92%;--awb-spacing-left-medium:1.92%;--awb-width-small:100%;--awb-order-small:0;--awb-spacing-right-small:1.92%;--awb-spacing-left-small:1.92%;\"><div class=\"fusion-column-wrapper fusion-column-has-shadow fusion-flex-justify-content-flex-start fusion-content-layout-column\"><div class=\"fusion-separator fusion-full-width-sep\" style=\"align-self: center;margin-left: auto;margin-right: auto;margin-top:20px;margin-bottom:20px;width:100%;\"><div class=\"fusion-separator-border sep-single sep-dotted\" style=\"--awb-height:20px;--awb-amount:20px;--awb-sep-color:#f5f3ef;border-color:#f5f3ef;border-top-width:3px;\"><\/div><\/div><\/div><\/div><\/div><\/div><div class=\"fusion-fullwidth fullwidth-box fusion-builder-row-18 fusion-flex-container has-pattern-background has-mask-background nonhundred-percent-fullwidth non-hundred-percent-height-scrolling\" style=\"--awb-border-radius-top-left:0px;--awb-border-radius-top-right:0px;--awb-border-radius-bottom-right:0px;--awb-border-radius-bottom-left:0px;--awb-margin-top:50px;--awb-margin-bottom:50px;--awb-flex-wrap:wrap;\" ><div class=\"fusion-builder-row fusion-row fusion-flex-align-items-flex-start fusion-flex-content-wrap\" style=\"max-width:1352px;margin-left: calc(-4% \/ 2 );margin-right: calc(-4% \/ 2 );\"><div class=\"fusion-layout-column fusion_builder_column fusion-builder-column-34 fusion_builder_column_1_2 1_2 fusion-flex-column\" style=\"--awb-bg-size:cover;--awb-width-large:50%;--awb-margin-top-large:0px;--awb-spacing-right-large:3.84%;--awb-margin-bottom-large:20px;--awb-spacing-left-large:3.84%;--awb-width-medium:50%;--awb-order-medium:0;--awb-spacing-right-medium:3.84%;--awb-spacing-left-medium:3.84%;--awb-width-small:100%;--awb-order-small:0;--awb-spacing-right-small:1.92%;--awb-spacing-left-small:1.92%;\"><div class=\"fusion-column-wrapper fusion-column-has-shadow fusion-flex-justify-content-flex-start fusion-content-layout-column\"><div class=\"fusion-text fusion-text-14 texto-negro\" id=\"texto-negro\"><p><strong>T&#8217;ha agradat aquest projecte?<\/strong><\/p>\n<\/div><div class=\"fusion-title title fusion-title-11 fusion-sep-none fusion-title-text fusion-title-size-two\" style=\"--awb-margin-top-small:10px;--awb-margin-right-small:0px;--awb-margin-bottom-small:10px;--awb-margin-left-small:0px;\"><h2 class=\"fusion-title-heading title-heading-left\" style=\"margin:0;\">Explica&#8217;ns qu\u00e8 podem fer junts<\/h2><\/div><\/div><\/div><div class=\"fusion-layout-column fusion_builder_column fusion-builder-column-35 fusion_builder_column_1_2 1_2 fusion-flex-column fusion-no-small-visibility\" style=\"--awb-bg-size:cover;--awb-width-large:50%;--awb-margin-top-large:0px;--awb-spacing-right-large:3.84%;--awb-margin-bottom-large:20px;--awb-spacing-left-large:3.84%;--awb-width-medium:50%;--awb-order-medium:0;--awb-spacing-right-medium:3.84%;--awb-spacing-left-medium:3.84%;--awb-width-small:100%;--awb-order-small:0;--awb-spacing-right-small:1.92%;--awb-spacing-left-small:1.92%;\" data-scroll-devices=\"small-visibility,medium-visibility,large-visibility\"><div class=\"fusion-column-wrapper fusion-column-has-shadow fusion-flex-justify-content-flex-start fusion-content-layout-column\"><div class=\"fusion-separator fusion-full-width-sep\" style=\"align-self: flex-end;margin-left:auto;margin-top:100px;width:100%;\"><div class=\"fusion-separator-border sep-single sep-solid\" style=\"--awb-height:20px;--awb-amount:20px;--awb-sep-color:#000000;border-color:#000000;border-top-width:1px;\"><\/div><\/div><\/div><\/div><div class=\"fusion-layout-column fusion_builder_column fusion-builder-column-36 fusion_builder_column_1_3 1_3 fusion-flex-column\" style=\"--awb-bg-image:url(&#039;https:\/\/claralleal.com\/wp-content\/uploads\/2024\/02\/clara-lleal-formulario.webp&#039;);--awb-bg-size:cover;--awb-width-large:33.333333333333%;--awb-margin-top-large:0px;--awb-spacing-right-large:5.76%;--awb-margin-bottom-large:20px;--awb-spacing-left-large:5.76%;--awb-width-medium:33.333333333333%;--awb-order-medium:0;--awb-spacing-right-medium:5.76%;--awb-spacing-left-medium:5.76%;--awb-width-small:100%;--awb-order-small:0;--awb-spacing-right-small:1.92%;--awb-spacing-left-small:1.92%;\" data-scroll-devices=\"small-visibility,medium-visibility,large-visibility\"><div class=\"fusion-column-wrapper fusion-column-has-shadow fusion-flex-justify-content-flex-start fusion-content-layout-column fusion-column-has-bg-image\" data-bg-url=\"https:\/\/claralleal.com\/wp-content\/uploads\/2024\/02\/clara-lleal-formulario.webp\"><div class=\"fusion-image-element \" style=\"--awb-caption-title-font-family:var(--h2_typography-font-family);--awb-caption-title-font-weight:var(--h2_typography-font-weight);--awb-caption-title-font-style:var(--h2_typography-font-style);--awb-caption-title-size:var(--h2_typography-font-size);--awb-caption-title-transform:var(--h2_typography-text-transform);--awb-caption-title-line-height:var(--h2_typography-line-height);--awb-caption-title-letter-spacing:var(--h2_typography-letter-spacing);\"><span class=\" fusion-imageframe imageframe-none imageframe-14 hover-type-none\"><img decoding=\"async\" width=\"1000\" height=\"1243\" alt=\"Clara Lleal Barcelona\" title=\"Clara Lleal Barcelona\" src=\"https:\/\/claralleal.com\/wp-content\/uploads\/2024\/02\/clara-lleal-formulario.webp\" class=\"img-responsive wp-image-10352\" srcset=\"https:\/\/claralleal.com\/wp-content\/uploads\/2024\/02\/clara-lleal-formulario-200x249.webp 200w, https:\/\/claralleal.com\/wp-content\/uploads\/2024\/02\/clara-lleal-formulario-400x497.webp 400w, https:\/\/claralleal.com\/wp-content\/uploads\/2024\/02\/clara-lleal-formulario-600x746.webp 600w, https:\/\/claralleal.com\/wp-content\/uploads\/2024\/02\/clara-lleal-formulario-800x994.webp 800w, https:\/\/claralleal.com\/wp-content\/uploads\/2024\/02\/clara-lleal-formulario.webp 1000w\" sizes=\"(max-width: 640px) 100vw, 400px\" \/><\/span><\/div><\/div><\/div><div class=\"fusion-layout-column fusion_builder_column fusion-builder-column-37 fusion_builder_column_2_3 2_3 fusion-flex-column\" style=\"--awb-bg-size:cover;--awb-width-large:66.666666666667%;--awb-margin-top-large:0px;--awb-spacing-right-large:2.88%;--awb-margin-bottom-large:20px;--awb-spacing-left-large:2.88%;--awb-width-medium:66.666666666667%;--awb-order-medium:0;--awb-spacing-right-medium:2.88%;--awb-spacing-left-medium:2.88%;--awb-width-small:100%;--awb-order-small:0;--awb-spacing-right-small:1.92%;--awb-spacing-left-small:1.92%;\"><div class=\"fusion-column-wrapper fusion-column-has-shadow fusion-flex-justify-content-flex-start fusion-content-layout-column\">\n<div class=\"wpcf7 no-js\" id=\"wpcf7-f10469-o1\" lang=\"es-ES\" dir=\"ltr\" data-wpcf7-id=\"10469\">\n<div class=\"screen-reader-response\"><p role=\"status\" aria-live=\"polite\" aria-atomic=\"true\"><\/p> <ul><\/ul><\/div>\n<form action=\"\/ca\/wp-json\/wp\/v2\/posts\/10488\/#wpcf7-f10469-o1\" method=\"post\" class=\"wpcf7-form init wpcf7-acceptance-as-validation\" aria-label=\"Formulario de contacto\" novalidate=\"novalidate\" data-status=\"init\">\n<fieldset class=\"hidden-fields-container\"><input type=\"hidden\" name=\"_wpcf7\" value=\"10469\" \/><input type=\"hidden\" name=\"_wpcf7_version\" value=\"6.1.5\" \/><input type=\"hidden\" name=\"_wpcf7_locale\" value=\"es_ES\" \/><input type=\"hidden\" name=\"_wpcf7_unit_tag\" value=\"wpcf7-f10469-o1\" \/><input type=\"hidden\" name=\"_wpcf7_container_post\" value=\"0\" \/><input type=\"hidden\" name=\"_wpcf7_posted_data_hash\" value=\"\" \/><input type=\"hidden\" name=\"_wpcf7_recaptcha_response\" value=\"\" \/>\n<\/fieldset>\n<div class=\"formulario-ppal\">\n\t<div class=\"formulario-ppal-row-1\">\n\t\t<div>\n\t\t\t<p><label class=\"label-nobre\">Nom*<br \/>\n<span class=\"wpcf7-form-control-wrap\" data-name=\"your-name\"><input size=\"40\" maxlength=\"400\" class=\"wpcf7-form-control wpcf7-text wpcf7-validates-as-required\" aria-required=\"true\" aria-invalid=\"false\" value=\"\" type=\"text\" name=\"your-name\" \/><\/span><\/label>\n\t\t\t<\/p>\n\t\t<\/div>\n\t\t<div>\n\t\t\t<p><label class=\"label-email\">Email*<br \/>\n<span class=\"wpcf7-form-control-wrap\" data-name=\"email\"><input size=\"40\" maxlength=\"400\" class=\"wpcf7-form-control wpcf7-email wpcf7-validates-as-required wpcf7-text wpcf7-validates-as-email\" aria-required=\"true\" aria-invalid=\"false\" value=\"\" type=\"email\" name=\"email\" \/><\/span><\/label>\n\t\t\t<\/p>\n\t\t<\/div>\n\t<\/div>\n\t<div class=\"formulario-ppal-row-2\">\n\t\t<p><label class=\"label-textarea\">Missatge <span class=\"wpcf7-form-control-wrap\" data-name=\"your-message\"><textarea cols=\"40\" rows=\"10\" maxlength=\"2000\" class=\"wpcf7-form-control wpcf7-textarea\" aria-invalid=\"false\" name=\"your-message\"><\/textarea><\/span><\/label>\n\t\t<\/p>\n\t<\/div>\n\t<div class=\"formulario-ppal-row-3\">\n\t\t<p><span class=\"wpcf7-form-control-wrap\" data-name=\"acceptance-982\"><span class=\"wpcf7-form-control wpcf7-acceptance\"><span class=\"wpcf7-list-item\"><label><input type=\"checkbox\" name=\"acceptance-982\" value=\"1\" aria-invalid=\"false\" \/><span class=\"wpcf7-list-item-label\">He llegit i accepto la <a href=\"\/politica-de-privacidad\/\" class=\"link-form-politica\">pol\u00edtica de privacitat<\/a><\/span><\/label><\/span><\/span><\/span>\n\t\t<\/p>\n\t<\/div>\n\t<div class=\"formulario-ppal-row-4\">\n\t\t<div>\n\t\t\t<div class=\"formulario-texto-legal\">\n\t\t\t\t<p>Responsable: Clara Lleal Finalitat: gestionar la sol\u00b7licitud en aquest formulari i si, finalment ets client, remetre informaci\u00f3 sobre l'estat del servei contractat i comunicacions sobre l'empresa. Legitimaci\u00f3: consentiment de l'interessat. Drets: Podr\u00e0s exercir els teus drets d'acc\u00e9s, rectificaci\u00f3, limitaci\u00f3 i suprimir les dades en <a href=\"mailto:hola@claralleal.com\">hola@claralleal.com<\/a> aix\u00ed com el dret a presentar una reclamaci\u00f3 davant una autoritat de control. Informaci\u00f3 addicional: aqu\u00ed, trobar\u00e0s informaci\u00f3 addicional sobre la recopilaci\u00f3 i l'\u00fas de la seva informaci\u00f3 personal, inclosa informaci\u00f3 sobre acc\u00e9s, conservaci\u00f3, rectificaci\u00f3, eliminaci\u00f3, seguretat, i altres temes.\n\t\t\t\t<\/p>\n\t\t\t<\/div>\n\t\t<\/div>\n\t\t<div>\n\t\t\t<p><input class=\"wpcf7-form-control wpcf7-submit has-spinner custom-button-blue\" type=\"submit\" value=\"Enviar\" \/>\n\t\t\t<\/p>\n\t\t<\/div>\n\t<\/div>\n<\/div><div class=\"fusion-alert alert custom alert-custom fusion-alert-center wpcf7-response-output awb-alert-native-link-color alert-dismissable awb-alert-close-boxed\" style=\"--awb-border-size:1px;--awb-border-top-left-radius:0px;--awb-border-top-right-radius:0px;--awb-border-bottom-left-radius:0px;--awb-border-bottom-right-radius:0px;\" role=\"alert\"><div class=\"fusion-alert-content-wrapper\"><span class=\"fusion-alert-content\"><\/span><\/div><button type=\"button\" class=\"close toggle-alert\" data-dismiss=\"alert\" aria-label=\"Close\">&times;<\/button><\/div>\n<\/form>\n<\/div>\n<\/div><\/div><\/div><\/div><\/p>\n","protected":false},"excerpt":{"rendered":"","protected":false},"author":3,"featured_media":10506,"comment_status":"closed","ping_status":"closed","sticky":false,"template":"","format":"standard","meta":{"footnotes":""},"categories":[101],"tags":[],"class_list":["post-10488","post","type-post","status-publish","format-standard","has-post-thumbnail","hentry","category-projecte"],"yoast_head":"<!-- This site is optimized with the Yoast SEO plugin v27.4 - https:\/\/yoast.com\/product\/yoast-seo-wordpress\/ -->\n<title>Projecte pis a Sant Cugat | Clara Lleal Interiorisme<\/title>\n<meta name=\"description\" content=\"Un projecte d&#039;estil modern amb llistons de fusta com a element decoratiu i el color negre com a protagonista.\" \/>\n<meta name=\"robots\" content=\"index, follow, max-snippet:-1, max-image-preview:large, max-video-preview:-1\" \/>\n<link rel=\"canonical\" href=\"https:\/\/claralleal.com\/ca\/projecte-interiorisme-pis-sant-cugat\/\" \/>\n<meta property=\"og:locale\" content=\"ca_ES\" \/>\n<meta property=\"og:type\" content=\"article\" \/>\n<meta property=\"og:title\" content=\"Projecte pis a Sant Cugat | Clara Lleal Interiorisme\" \/>\n<meta property=\"og:description\" content=\"Un projecte d&#039;estil modern amb llistons de fusta com a element decoratiu i el color negre com a protagonista.\" \/>\n<meta property=\"og:url\" content=\"https:\/\/claralleal.com\/ca\/projecte-interiorisme-pis-sant-cugat\/\" \/>\n<meta property=\"og:site_name\" content=\"Clara Lleal Interiorista\" \/>\n<meta property=\"article:published_time\" content=\"2024-05-29T12:36:05+00:00\" \/>\n<meta property=\"article:modified_time\" content=\"2026-04-13T11:47:05+00:00\" \/>\n<meta property=\"og:image\" content=\"https:\/\/claralleal.com\/wp-content\/uploads\/2024\/05\/piso-sant-cugat-sala-estar-1.jpg\" \/>\n\t<meta property=\"og:image:width\" content=\"1739\" \/>\n\t<meta property=\"og:image:height\" content=\"1072\" \/>\n\t<meta property=\"og:image:type\" content=\"image\/jpeg\" \/>\n<meta name=\"author\" content=\"Clara Lleal\" \/>\n<script type=\"application\/ld+json\" class=\"yoast-schema-graph\">{\"@context\":\"https:\\\/\\\/schema.org\",\"@graph\":[{\"@type\":\"Article\",\"@id\":\"https:\\\/\\\/claralleal.com\\\/ca\\\/projecte-interiorisme-pis-sant-cugat\\\/#article\",\"isPartOf\":{\"@id\":\"https:\\\/\\\/claralleal.com\\\/ca\\\/projecte-interiorisme-pis-sant-cugat\\\/\"},\"author\":{\"name\":\"Clara Lleal\",\"@id\":\"https:\\\/\\\/claralleal.com\\\/ca\\\/#\\\/schema\\\/person\\\/563e54087b970b717fde4bdbab83f3f0\"},\"headline\":\"Disseny d&#8217;interiors en un pis que destaca per l&#8217;\u00fas de llistons de fusta i on predomina el negre, combinat amb blanc\",\"datePublished\":\"2024-05-29T12:36:05+00:00\",\"dateModified\":\"2026-04-13T11:47:05+00:00\",\"mainEntityOfPage\":{\"@id\":\"https:\\\/\\\/claralleal.com\\\/ca\\\/projecte-interiorisme-pis-sant-cugat\\\/\"},\"wordCount\":38296,\"publisher\":{\"@id\":\"https:\\\/\\\/claralleal.com\\\/ca\\\/#organization\"},\"image\":{\"@id\":\"https:\\\/\\\/claralleal.com\\\/ca\\\/projecte-interiorisme-pis-sant-cugat\\\/#primaryimage\"},\"thumbnailUrl\":\"https:\\\/\\\/claralleal.com\\\/wp-content\\\/uploads\\\/2024\\\/05\\\/piso-sant-cugat-sala-estar-1.jpg\",\"articleSection\":[\"Projecte\"],\"inLanguage\":\"ca\"},{\"@type\":\"WebPage\",\"@id\":\"https:\\\/\\\/claralleal.com\\\/ca\\\/projecte-interiorisme-pis-sant-cugat\\\/\",\"url\":\"https:\\\/\\\/claralleal.com\\\/ca\\\/projecte-interiorisme-pis-sant-cugat\\\/\",\"name\":\"Projecte pis a Sant Cugat | Clara Lleal Interiorisme\",\"isPartOf\":{\"@id\":\"https:\\\/\\\/claralleal.com\\\/ca\\\/#website\"},\"primaryImageOfPage\":{\"@id\":\"https:\\\/\\\/claralleal.com\\\/ca\\\/projecte-interiorisme-pis-sant-cugat\\\/#primaryimage\"},\"image\":{\"@id\":\"https:\\\/\\\/claralleal.com\\\/ca\\\/projecte-interiorisme-pis-sant-cugat\\\/#primaryimage\"},\"thumbnailUrl\":\"https:\\\/\\\/claralleal.com\\\/wp-content\\\/uploads\\\/2024\\\/05\\\/piso-sant-cugat-sala-estar-1.jpg\",\"datePublished\":\"2024-05-29T12:36:05+00:00\",\"dateModified\":\"2026-04-13T11:47:05+00:00\",\"description\":\"Un projecte d'estil modern amb llistons de fusta com a element decoratiu i el color negre com a protagonista.\",\"breadcrumb\":{\"@id\":\"https:\\\/\\\/claralleal.com\\\/ca\\\/projecte-interiorisme-pis-sant-cugat\\\/#breadcrumb\"},\"inLanguage\":\"ca\",\"potentialAction\":[{\"@type\":\"ReadAction\",\"target\":[\"https:\\\/\\\/claralleal.com\\\/ca\\\/projecte-interiorisme-pis-sant-cugat\\\/\"]}]},{\"@type\":\"ImageObject\",\"inLanguage\":\"ca\",\"@id\":\"https:\\\/\\\/claralleal.com\\\/ca\\\/projecte-interiorisme-pis-sant-cugat\\\/#primaryimage\",\"url\":\"https:\\\/\\\/claralleal.com\\\/wp-content\\\/uploads\\\/2024\\\/05\\\/piso-sant-cugat-sala-estar-1.jpg\",\"contentUrl\":\"https:\\\/\\\/claralleal.com\\\/wp-content\\\/uploads\\\/2024\\\/05\\\/piso-sant-cugat-sala-estar-1.jpg\",\"width\":1739,\"height\":1072,\"caption\":\"Sala d'estar del pis a Sant Cugat del Vall\u00e9s\"},{\"@type\":\"BreadcrumbList\",\"@id\":\"https:\\\/\\\/claralleal.com\\\/ca\\\/projecte-interiorisme-pis-sant-cugat\\\/#breadcrumb\",\"itemListElement\":[{\"@type\":\"ListItem\",\"position\":1,\"name\":\"Portada\",\"item\":\"https:\\\/\\\/claralleal.com\\\/ca\\\/\"},{\"@type\":\"ListItem\",\"position\":2,\"name\":\"Disseny d&#8217;interiors en un pis que destaca per l&#8217;\u00fas de llistons de fusta i on predomina el negre, combinat amb blanc\"}]},{\"@type\":\"WebSite\",\"@id\":\"https:\\\/\\\/claralleal.com\\\/ca\\\/#website\",\"url\":\"https:\\\/\\\/claralleal.com\\\/ca\\\/\",\"name\":\"Clara Lleal Interiorista\",\"description\":\"Estudio de Interiorismo en Barcelona, Badalona y Maresme\",\"publisher\":{\"@id\":\"https:\\\/\\\/claralleal.com\\\/ca\\\/#organization\"},\"potentialAction\":[{\"@type\":\"SearchAction\",\"target\":{\"@type\":\"EntryPoint\",\"urlTemplate\":\"https:\\\/\\\/claralleal.com\\\/ca\\\/?s={search_term_string}\"},\"query-input\":{\"@type\":\"PropertyValueSpecification\",\"valueRequired\":true,\"valueName\":\"search_term_string\"}}],\"inLanguage\":\"ca\"},{\"@type\":\"Organization\",\"@id\":\"https:\\\/\\\/claralleal.com\\\/ca\\\/#organization\",\"name\":\"Clara Lleal Interiorista\",\"url\":\"https:\\\/\\\/claralleal.com\\\/ca\\\/\",\"logo\":{\"@type\":\"ImageObject\",\"inLanguage\":\"ca\",\"@id\":\"https:\\\/\\\/claralleal.com\\\/ca\\\/#\\\/schema\\\/logo\\\/image\\\/\",\"url\":\"https:\\\/\\\/claralleal.com\\\/wp-content\\\/uploads\\\/2023\\\/04\\\/cropped-favicon-1.jpg\",\"contentUrl\":\"https:\\\/\\\/claralleal.com\\\/wp-content\\\/uploads\\\/2023\\\/04\\\/cropped-favicon-1.jpg\",\"width\":40,\"height\":40,\"caption\":\"Clara Lleal Interiorista \"},\"image\":{\"@id\":\"https:\\\/\\\/claralleal.com\\\/ca\\\/#\\\/schema\\\/logo\\\/image\\\/\"}},{\"@type\":\"Person\",\"@id\":\"https:\\\/\\\/claralleal.com\\\/ca\\\/#\\\/schema\\\/person\\\/563e54087b970b717fde4bdbab83f3f0\",\"name\":\"Clara Lleal\"}]}<\/script>\n<!-- \/ Yoast SEO plugin. -->","yoast_head_json":{"title":"Projecte pis a Sant Cugat | Clara Lleal Interiorisme","description":"Un projecte d'estil modern amb llistons de fusta com a element decoratiu i el color negre com a protagonista.","robots":{"index":"index","follow":"follow","max-snippet":"max-snippet:-1","max-image-preview":"max-image-preview:large","max-video-preview":"max-video-preview:-1"},"canonical":"https:\/\/claralleal.com\/ca\/projecte-interiorisme-pis-sant-cugat\/","og_locale":"ca_ES","og_type":"article","og_title":"Projecte pis a Sant Cugat | Clara Lleal Interiorisme","og_description":"Un projecte d'estil modern amb llistons de fusta com a element decoratiu i el color negre com a protagonista.","og_url":"https:\/\/claralleal.com\/ca\/projecte-interiorisme-pis-sant-cugat\/","og_site_name":"Clara Lleal Interiorista","article_published_time":"2024-05-29T12:36:05+00:00","article_modified_time":"2026-04-13T11:47:05+00:00","og_image":[{"width":1739,"height":1072,"url":"https:\/\/claralleal.com\/wp-content\/uploads\/2024\/05\/piso-sant-cugat-sala-estar-1.jpg","type":"image\/jpeg"}],"author":"Clara Lleal","schema":{"@context":"https:\/\/schema.org","@graph":[{"@type":"Article","@id":"https:\/\/claralleal.com\/ca\/projecte-interiorisme-pis-sant-cugat\/#article","isPartOf":{"@id":"https:\/\/claralleal.com\/ca\/projecte-interiorisme-pis-sant-cugat\/"},"author":{"name":"Clara Lleal","@id":"https:\/\/claralleal.com\/ca\/#\/schema\/person\/563e54087b970b717fde4bdbab83f3f0"},"headline":"Disseny d&#8217;interiors en un pis que destaca per l&#8217;\u00fas de llistons de fusta i on predomina el negre, combinat amb blanc","datePublished":"2024-05-29T12:36:05+00:00","dateModified":"2026-04-13T11:47:05+00:00","mainEntityOfPage":{"@id":"https:\/\/claralleal.com\/ca\/projecte-interiorisme-pis-sant-cugat\/"},"wordCount":38296,"publisher":{"@id":"https:\/\/claralleal.com\/ca\/#organization"},"image":{"@id":"https:\/\/claralleal.com\/ca\/projecte-interiorisme-pis-sant-cugat\/#primaryimage"},"thumbnailUrl":"https:\/\/claralleal.com\/wp-content\/uploads\/2024\/05\/piso-sant-cugat-sala-estar-1.jpg","articleSection":["Projecte"],"inLanguage":"ca"},{"@type":"WebPage","@id":"https:\/\/claralleal.com\/ca\/projecte-interiorisme-pis-sant-cugat\/","url":"https:\/\/claralleal.com\/ca\/projecte-interiorisme-pis-sant-cugat\/","name":"Projecte pis a Sant Cugat | Clara Lleal Interiorisme","isPartOf":{"@id":"https:\/\/claralleal.com\/ca\/#website"},"primaryImageOfPage":{"@id":"https:\/\/claralleal.com\/ca\/projecte-interiorisme-pis-sant-cugat\/#primaryimage"},"image":{"@id":"https:\/\/claralleal.com\/ca\/projecte-interiorisme-pis-sant-cugat\/#primaryimage"},"thumbnailUrl":"https:\/\/claralleal.com\/wp-content\/uploads\/2024\/05\/piso-sant-cugat-sala-estar-1.jpg","datePublished":"2024-05-29T12:36:05+00:00","dateModified":"2026-04-13T11:47:05+00:00","description":"Un projecte d'estil modern amb llistons de fusta com a element decoratiu i el color negre com a protagonista.","breadcrumb":{"@id":"https:\/\/claralleal.com\/ca\/projecte-interiorisme-pis-sant-cugat\/#breadcrumb"},"inLanguage":"ca","potentialAction":[{"@type":"ReadAction","target":["https:\/\/claralleal.com\/ca\/projecte-interiorisme-pis-sant-cugat\/"]}]},{"@type":"ImageObject","inLanguage":"ca","@id":"https:\/\/claralleal.com\/ca\/projecte-interiorisme-pis-sant-cugat\/#primaryimage","url":"https:\/\/claralleal.com\/wp-content\/uploads\/2024\/05\/piso-sant-cugat-sala-estar-1.jpg","contentUrl":"https:\/\/claralleal.com\/wp-content\/uploads\/2024\/05\/piso-sant-cugat-sala-estar-1.jpg","width":1739,"height":1072,"caption":"Sala d'estar del pis a Sant Cugat del Vall\u00e9s"},{"@type":"BreadcrumbList","@id":"https:\/\/claralleal.com\/ca\/projecte-interiorisme-pis-sant-cugat\/#breadcrumb","itemListElement":[{"@type":"ListItem","position":1,"name":"Portada","item":"https:\/\/claralleal.com\/ca\/"},{"@type":"ListItem","position":2,"name":"Disseny d&#8217;interiors en un pis que destaca per l&#8217;\u00fas de llistons de fusta i on predomina el negre, combinat amb blanc"}]},{"@type":"WebSite","@id":"https:\/\/claralleal.com\/ca\/#website","url":"https:\/\/claralleal.com\/ca\/","name":"Clara Lleal Interiorista","description":"Estudio de Interiorismo en Barcelona, Badalona y Maresme","publisher":{"@id":"https:\/\/claralleal.com\/ca\/#organization"},"potentialAction":[{"@type":"SearchAction","target":{"@type":"EntryPoint","urlTemplate":"https:\/\/claralleal.com\/ca\/?s={search_term_string}"},"query-input":{"@type":"PropertyValueSpecification","valueRequired":true,"valueName":"search_term_string"}}],"inLanguage":"ca"},{"@type":"Organization","@id":"https:\/\/claralleal.com\/ca\/#organization","name":"Clara Lleal Interiorista","url":"https:\/\/claralleal.com\/ca\/","logo":{"@type":"ImageObject","inLanguage":"ca","@id":"https:\/\/claralleal.com\/ca\/#\/schema\/logo\/image\/","url":"https:\/\/claralleal.com\/wp-content\/uploads\/2023\/04\/cropped-favicon-1.jpg","contentUrl":"https:\/\/claralleal.com\/wp-content\/uploads\/2023\/04\/cropped-favicon-1.jpg","width":40,"height":40,"caption":"Clara Lleal Interiorista "},"image":{"@id":"https:\/\/claralleal.com\/ca\/#\/schema\/logo\/image\/"}},{"@type":"Person","@id":"https:\/\/claralleal.com\/ca\/#\/schema\/person\/563e54087b970b717fde4bdbab83f3f0","name":"Clara Lleal"}]}},"_links":{"self":[{"href":"https:\/\/claralleal.com\/ca\/wp-json\/wp\/v2\/posts\/10488","targetHints":{"allow":["GET"]}}],"collection":[{"href":"https:\/\/claralleal.com\/ca\/wp-json\/wp\/v2\/posts"}],"about":[{"href":"https:\/\/claralleal.com\/ca\/wp-json\/wp\/v2\/types\/post"}],"author":[{"embeddable":true,"href":"https:\/\/claralleal.com\/ca\/wp-json\/wp\/v2\/users\/3"}],"replies":[{"embeddable":true,"href":"https:\/\/claralleal.com\/ca\/wp-json\/wp\/v2\/comments?post=10488"}],"version-history":[{"count":19,"href":"https:\/\/claralleal.com\/ca\/wp-json\/wp\/v2\/posts\/10488\/revisions"}],"predecessor-version":[{"id":10910,"href":"https:\/\/claralleal.com\/ca\/wp-json\/wp\/v2\/posts\/10488\/revisions\/10910"}],"wp:featuredmedia":[{"embeddable":true,"href":"https:\/\/claralleal.com\/ca\/wp-json\/wp\/v2\/media\/10506"}],"wp:attachment":[{"href":"https:\/\/claralleal.com\/ca\/wp-json\/wp\/v2\/media?parent=10488"}],"wp:term":[{"taxonomy":"category","embeddable":true,"href":"https:\/\/claralleal.com\/ca\/wp-json\/wp\/v2\/categories?post=10488"},{"taxonomy":"post_tag","embeddable":true,"href":"https:\/\/claralleal.com\/ca\/wp-json\/wp\/v2\/tags?post=10488"}],"curies":[{"name":"wp","href":"https:\/\/api.w.org\/{rel}","templated":true}]}}