{"id":10571,"date":"2024-02-01T12:40:43","date_gmt":"2024-02-01T11:40:43","guid":{"rendered":"https:\/\/claralleal.com\/?p=10571"},"modified":"2026-04-10T13:14:44","modified_gmt":"2026-04-10T11:14:44","slug":"projecte-casa-galeria-art","status":"publish","type":"post","link":"https:\/\/claralleal.com\/ca\/projecte-casa-galeria-art\/","title":{"rendered":"Disseny d&#8217;una Casa Galeria d&#8217;Art"},"content":{"rendered":"<p><div class=\"fusion-fullwidth fullwidth-box fusion-builder-row-1 fusion-flex-container has-pattern-background has-mask-background nonhundred-percent-fullwidth non-hundred-percent-height-scrolling\" style=\"--awb-border-radius-top-left:0px;--awb-border-radius-top-right:0px;--awb-border-radius-bottom-right:0px;--awb-border-radius-bottom-left:0px;--awb-flex-wrap:wrap;\" ><div class=\"fusion-builder-row fusion-row fusion-flex-align-items-flex-start fusion-flex-content-wrap\" style=\"max-width:1352px;margin-left: calc(-4% \/ 2 );margin-right: calc(-4% \/ 2 );\"><div class=\"fusion-layout-column fusion_builder_column fusion-builder-column-0 fusion_builder_column_1_3 1_3 fusion-flex-column\" style=\"--awb-bg-size:cover;--awb-width-large:33.333333333333%;--awb-margin-top-large:0px;--awb-spacing-right-large:5.76%;--awb-margin-bottom-large:20px;--awb-spacing-left-large:5.76%;--awb-width-medium:33.333333333333%;--awb-order-medium:0;--awb-spacing-right-medium:5.76%;--awb-spacing-left-medium:5.76%;--awb-width-small:100%;--awb-order-small:0;--awb-spacing-right-small:1.92%;--awb-spacing-left-small:1.92%;\"><div class=\"fusion-column-wrapper fusion-column-has-shadow fusion-flex-justify-content-flex-start fusion-content-layout-column\"><div class=\"fusion-title title fusion-title-1 fusion-sep-none fusion-title-text fusion-title-size-one\" style=\"--awb-margin-top-small:10px;--awb-margin-right-small:0px;--awb-margin-bottom-small:10px;--awb-margin-left-small:0px;\"><h1 class=\"fusion-title-heading title-heading-left\" style=\"margin:0;\">Disseny d&#8217;una Casa Galeria d&#8217;Art<\/h1><\/div><\/div><\/div><div class=\"fusion-layout-column fusion_builder_column fusion-builder-column-1 fusion_builder_column_1_6 1_6 fusion-flex-column\" style=\"--awb-bg-size:cover;--awb-width-large:16.666666666667%;--awb-margin-top-large:0px;--awb-spacing-right-large:11.52%;--awb-margin-bottom-large:20px;--awb-spacing-left-large:11.52%;--awb-width-medium:16.666666666667%;--awb-order-medium:0;--awb-spacing-right-medium:11.52%;--awb-spacing-left-medium:11.52%;--awb-width-small:100%;--awb-order-small:0;--awb-spacing-right-small:1.92%;--awb-spacing-left-small:1.92%;\"><div class=\"fusion-column-wrapper fusion-column-has-shadow fusion-flex-justify-content-flex-start fusion-content-layout-column\"><\/div><\/div><div class=\"fusion-layout-column fusion_builder_column fusion-builder-column-2 fusion_builder_column_1_4 1_4 fusion-flex-column fusion-flex-align-self-center\" style=\"--awb-padding-top:20px;--awb-padding-right:20px;--awb-padding-bottom:20px;--awb-padding-left:20px;--awb-bg-size:cover;--awb-border-color:rgba(0,0,0,0);--awb-border-style:solid;--awb-width-large:25%;--awb-margin-top-large:0px;--awb-spacing-right-large:7.68%;--awb-margin-bottom-large:20px;--awb-spacing-left-large:7.68%;--awb-width-medium:25%;--awb-order-medium:0;--awb-spacing-right-medium:7.68%;--awb-spacing-left-medium:7.68%;--awb-width-small:100%;--awb-order-small:0;--awb-spacing-right-small:1.92%;--awb-spacing-left-small:1.92%;\" data-scroll-devices=\"small-visibility,medium-visibility,large-visibility\"><div class=\"fusion-column-wrapper fusion-column-has-shadow fusion-flex-justify-content-flex-start fusion-content-layout-column\"><div class=\"fusion-image-carousel fusion-image-carousel-auto fusion-image-carousel-1 fusion-carousel-border\"><div class=\"awb-carousel awb-swiper awb-swiper-carousel awb-carousel--carousel awb-swiper-dots-position-bottom\" data-layout=\"carousel\" data-autoplay=\"yes\" data-autoplayspeed=\"2500\" data-autoplaypause=\"no\" data-loop=\"yes\" data-columns=\"1\" data-columnsmedium=\"1\" data-columnssmall=\"1\" data-itemmargin=\"0\" data-itemwidth=\"180\" data-touchscroll=\"no\" data-freemode=\"no\" data-imagesize=\"auto\" data-scrollitems=\"0\" data-centeredslides=\"no\" data-rotationangle=\"50\" data-depth=\"100\" data-speed=\"500\" data-shadow=\"no\" data-pagination=\"bullets\" style=\"--awb-columns:1;--awb-column-spacing:0px;--awb-border-width:1px;--awb-border-color:#e9eaee;\"><div class=\"swiper-wrapper awb-image-carousel-wrapper fusion-flex-align-items-center\"><div class=\"swiper-slide\"><div class=\"fusion-carousel-item-wrapper\"><div class=\"fusion-image-wrapper hover-type-none\"><img decoding=\"async\" width=\"1301\" height=\"779\" src=\"https:\/\/claralleal.com\/wp-content\/uploads\/2024\/02\/german-design-award.png\" class=\"attachment-full size-full\" alt=\"German Design Award Special 2023\" srcset=\"https:\/\/claralleal.com\/wp-content\/uploads\/2024\/02\/german-design-award-200x120.png 200w, https:\/\/claralleal.com\/wp-content\/uploads\/2024\/02\/german-design-award-300x180.png 300w, https:\/\/claralleal.com\/wp-content\/uploads\/2024\/02\/german-design-award-400x240.png 400w, https:\/\/claralleal.com\/wp-content\/uploads\/2024\/02\/german-design-award-600x359.png 600w, https:\/\/claralleal.com\/wp-content\/uploads\/2024\/02\/german-design-award-768x460.png 768w, https:\/\/claralleal.com\/wp-content\/uploads\/2024\/02\/german-design-award-800x479.png 800w, https:\/\/claralleal.com\/wp-content\/uploads\/2024\/02\/german-design-award-1024x613.png 1024w, https:\/\/claralleal.com\/wp-content\/uploads\/2024\/02\/german-design-award-1200x719.png 1200w, https:\/\/claralleal.com\/wp-content\/uploads\/2024\/02\/german-design-award.png 1301w\" sizes=\"(max-width: 1301px) 100vw, 1301px\" \/><\/div><\/div><\/div><div class=\"swiper-slide\"><div class=\"fusion-carousel-item-wrapper\"><div class=\"fusion-image-wrapper hover-type-none\"><img decoding=\"async\" width=\"425\" height=\"180\" src=\"https:\/\/claralleal.com\/wp-content\/uploads\/2024\/02\/architecture-masterPrize.png\" class=\"attachment-full size-full\" alt=\"&quot;Best of Best&quot; Architecture MasterPrize en la categor\u00eda arquitectura de interiores\" srcset=\"https:\/\/claralleal.com\/wp-content\/uploads\/2024\/02\/architecture-masterPrize-200x85.png 200w, https:\/\/claralleal.com\/wp-content\/uploads\/2024\/02\/architecture-masterPrize-300x127.png 300w, https:\/\/claralleal.com\/wp-content\/uploads\/2024\/02\/architecture-masterPrize-400x169.png 400w, https:\/\/claralleal.com\/wp-content\/uploads\/2024\/02\/architecture-masterPrize.png 425w\" sizes=\"(max-width: 425px) 100vw, 425px\" \/><\/div><\/div><\/div><div class=\"swiper-slide\"><div class=\"fusion-carousel-item-wrapper\"><div class=\"fusion-image-wrapper hover-type-none\"><img decoding=\"async\" width=\"1702\" height=\"1318\" src=\"https:\/\/claralleal.com\/wp-content\/uploads\/2024\/02\/sBID.png\" class=\"attachment-full size-full\" alt=\"Premio de la Sociedad de Dise\u00f1o Brit\u00e1nico e Internacional 2022\" srcset=\"https:\/\/claralleal.com\/wp-content\/uploads\/2024\/02\/sBID-200x155.png 200w, https:\/\/claralleal.com\/wp-content\/uploads\/2024\/02\/sBID-300x232.png 300w, https:\/\/claralleal.com\/wp-content\/uploads\/2024\/02\/sBID-400x310.png 400w, https:\/\/claralleal.com\/wp-content\/uploads\/2024\/02\/sBID-600x465.png 600w, https:\/\/claralleal.com\/wp-content\/uploads\/2024\/02\/sBID-768x595.png 768w, https:\/\/claralleal.com\/wp-content\/uploads\/2024\/02\/sBID-800x620.png 800w, https:\/\/claralleal.com\/wp-content\/uploads\/2024\/02\/sBID-1024x793.png 1024w, https:\/\/claralleal.com\/wp-content\/uploads\/2024\/02\/sBID-1200x929.png 1200w, https:\/\/claralleal.com\/wp-content\/uploads\/2024\/02\/sBID-1536x1189.png 1536w, https:\/\/claralleal.com\/wp-content\/uploads\/2024\/02\/sBID.png 1702w\" sizes=\"(max-width: 1702px) 100vw, 1702px\" \/><\/div><\/div><\/div><div class=\"swiper-slide\"><div class=\"fusion-carousel-item-wrapper\"><div class=\"fusion-image-wrapper hover-type-none\"><img decoding=\"async\" width=\"381\" height=\"380\" src=\"https:\/\/claralleal.com\/wp-content\/uploads\/2024\/02\/achillovers.png\" class=\"attachment-full size-full\" alt=\"Mejor proyecto Achillovers 2022\" srcset=\"https:\/\/claralleal.com\/wp-content\/uploads\/2024\/02\/achillovers-66x66.png 66w, https:\/\/claralleal.com\/wp-content\/uploads\/2024\/02\/achillovers-150x150.png 150w, https:\/\/claralleal.com\/wp-content\/uploads\/2024\/02\/achillovers-200x199.png 200w, https:\/\/claralleal.com\/wp-content\/uploads\/2024\/02\/achillovers-300x300.png 300w, https:\/\/claralleal.com\/wp-content\/uploads\/2024\/02\/achillovers.png 381w\" sizes=\"(max-width: 381px) 100vw, 381px\" \/><\/div><\/div><\/div><div class=\"swiper-slide\"><div class=\"fusion-carousel-item-wrapper\"><div class=\"fusion-image-wrapper hover-type-none\"><img decoding=\"async\" width=\"300\" height=\"277\" src=\"https:\/\/claralleal.com\/wp-content\/uploads\/2024\/02\/IDA-design-award.png\" class=\"attachment-full size-full\" alt=\"Premio de dise\u00f1o IDA 2022\" srcset=\"https:\/\/claralleal.com\/wp-content\/uploads\/2024\/02\/IDA-design-award-200x185.png 200w, https:\/\/claralleal.com\/wp-content\/uploads\/2024\/02\/IDA-design-award.png 300w\" sizes=\"(max-width: 300px) 100vw, 300px\" \/><\/div><\/div><\/div><\/div><\/div><\/div><\/div><\/div><div class=\"fusion-layout-column fusion_builder_column fusion-builder-column-3 fusion_builder_column_1_4 1_4 fusion-flex-column\" style=\"--awb-bg-size:cover;--awb-width-large:25%;--awb-margin-top-large:0px;--awb-spacing-right-large:7.68%;--awb-margin-bottom-large:20px;--awb-spacing-left-large:7.68%;--awb-width-medium:25%;--awb-order-medium:0;--awb-spacing-right-medium:7.68%;--awb-spacing-left-medium:7.68%;--awb-width-small:100%;--awb-order-small:0;--awb-spacing-right-small:1.92%;--awb-spacing-left-small:1.92%;\"><div class=\"fusion-column-wrapper fusion-column-has-shadow fusion-flex-justify-content-flex-start fusion-content-layout-column\"><\/div><\/div><\/div><\/div><div class=\"fusion-fullwidth fullwidth-box fusion-builder-row-2 fusion-flex-container has-pattern-background has-mask-background nonhundred-percent-fullwidth non-hundred-percent-height-scrolling\" style=\"--awb-border-radius-top-left:0px;--awb-border-radius-top-right:0px;--awb-border-radius-bottom-right:0px;--awb-border-radius-bottom-left:0px;--awb-flex-wrap:wrap;\" ><div class=\"fusion-builder-row fusion-row fusion-flex-align-items-flex-start fusion-flex-content-wrap\" style=\"max-width:1352px;margin-left: calc(-4% \/ 2 );margin-right: calc(-4% \/ 2 );\"><div class=\"fusion-layout-column fusion_builder_column fusion-builder-column-4 fusion_builder_column_1_2 1_2 fusion-flex-column\" style=\"--awb-bg-size:cover;--awb-width-large:50%;--awb-margin-top-large:30px;--awb-spacing-right-large:3.84%;--awb-margin-bottom-large:20px;--awb-spacing-left-large:3.84%;--awb-width-medium:50%;--awb-order-medium:0;--awb-spacing-right-medium:3.84%;--awb-spacing-left-medium:3.84%;--awb-width-small:100%;--awb-order-small:0;--awb-spacing-right-small:1.92%;--awb-spacing-left-small:1.92%;\" data-scroll-devices=\"small-visibility,medium-visibility,large-visibility\"><div class=\"fusion-column-wrapper fusion-column-has-shadow fusion-flex-justify-content-flex-start fusion-content-layout-column\"><div class=\"fusion-text fusion-text-1\"><p>Situat en <strong>un dels carrers m\u00e9s emblem\u00e0tics<\/strong> del centre hist\u00f2ric de Badalona, trobem aquest singular habitatge constru\u00eft <strong>al segle XIX<\/strong>.<\/p>\n<p>Es tracta d\u2019una edificaci\u00f3 amb sostres molt alts, paviments hidr\u00e0ulics, parets de ma\u00f3 mass\u00eds, sostres amb revoltons i bigues de fusta i ferro.<\/p>\n<p>Un dels punts de partida en la distribuci\u00f3 del projecte <strong>\u00e9s la ubicaci\u00f3 estrat\u00e8gica de les escultures i obres d\u2019art creades pel mateix propietari<\/strong>, l\u2019artista Juanma Noguera.<\/p>\n<p>Les escultures formen part del disseny de l\u2019habitatge; en definitiva, una casa concebuda com una galeria d\u2019art.<\/p>\n<\/div><\/div><\/div><div class=\"fusion-layout-column fusion_builder_column fusion-builder-column-5 fusion_builder_column_1_2 1_2 fusion-flex-column\" style=\"--awb-bg-size:cover;--awb-width-large:50%;--awb-margin-top-large:30px;--awb-spacing-right-large:3.84%;--awb-margin-bottom-large:20px;--awb-spacing-left-large:3.84%;--awb-width-medium:50%;--awb-order-medium:0;--awb-spacing-right-medium:3.84%;--awb-spacing-left-medium:3.84%;--awb-width-small:100%;--awb-order-small:0;--awb-spacing-right-small:1.92%;--awb-spacing-left-small:1.92%;\" data-scroll-devices=\"small-visibility,medium-visibility,large-visibility\"><div class=\"fusion-column-wrapper fusion-column-has-shadow fusion-flex-justify-content-flex-start fusion-content-layout-column\"><div class=\"fusion-text fusion-text-2\"><p>Pel que fa a l\u2019est\u00e8tica general, es va voler <strong>donar un aire industrial a tot l\u2019espai, mantenint i recuperant els materials originals de l\u2019edifici.<\/strong> Es van descobrir les parets de ma\u00f3 mass\u00eds, es van respectar els sostres amb bigues de ferro i revoltons, i es van mantenir zones amb el paviment hidr\u00e0ulic original.<\/p>\n<p><strong>Els materials utilitzats posteriorment tamb\u00e9 segueixen aquesta premissa industrial:<\/strong> formig\u00f3, xapa de ferro negra, parquet d\u2019espiga de fusta recuperada i fusta de teca en el mobiliari per trencar la fredor dels grisos.<\/p>\n<p><strong>Guanyar el m\u00e0xim de llum natural tamb\u00e9 era un dels objectius del projecte<\/strong>; per aix\u00f2, s\u2019han obert diverses claraboies als sostres i s\u2019ha situat un pati interior al fons de la casa.<\/p>\n<\/div><\/div><\/div><\/div><\/div><div class=\"fusion-fullwidth fullwidth-box fusion-builder-row-3 fusion-flex-container has-pattern-background has-mask-background hundred-percent-fullwidth non-hundred-percent-height-scrolling fusion-animated\" style=\"--awb-border-radius-top-left:0px;--awb-border-radius-top-right:0px;--awb-border-radius-bottom-right:0px;--awb-border-radius-bottom-left:0px;--awb-flex-wrap:wrap;\" data-animationType=\"fadeInLeft\" data-animationDuration=\"0.3\" data-animationOffset=\"top-into-view\" ><div class=\"fusion-builder-row fusion-row fusion-flex-align-items-flex-start fusion-flex-justify-content-center fusion-flex-content-wrap\" style=\"width:104% !important;max-width:104% !important;margin-left: calc(-4% \/ 2 );margin-right: calc(-4% \/ 2 );\"><div class=\"fusion-layout-column fusion_builder_column fusion-builder-column-6 fusion_builder_column_1_2 1_2 fusion-flex-column fusion-flex-align-self-flex-start\" style=\"--awb-bg-size:cover;--awb-width-large:50%;--awb-margin-top-large:0px;--awb-spacing-right-large:3.84%;--awb-margin-bottom-large:20px;--awb-spacing-left-large:3.84%;--awb-width-medium:50%;--awb-order-medium:0;--awb-spacing-right-medium:3.84%;--awb-spacing-left-medium:3.84%;--awb-width-small:100%;--awb-order-small:0;--awb-spacing-right-small:1.92%;--awb-spacing-left-small:1.92%;\" data-scroll-devices=\"small-visibility,medium-visibility,large-visibility\"><div class=\"fusion-column-wrapper fusion-column-has-shadow fusion-flex-justify-content-center fusion-content-layout-row\"><div class=\"fusion-image-element \" style=\"--awb-caption-title-font-family:var(--h2_typography-font-family);--awb-caption-title-font-weight:var(--h2_typography-font-weight);--awb-caption-title-font-style:var(--h2_typography-font-style);--awb-caption-title-size:var(--h2_typography-font-size);--awb-caption-title-transform:var(--h2_typography-text-transform);--awb-caption-title-line-height:var(--h2_typography-line-height);--awb-caption-title-letter-spacing:var(--h2_typography-letter-spacing);\"><span class=\" fusion-imageframe imageframe-none imageframe-1 hover-type-none\"><img decoding=\"async\" width=\"671\" height=\"1024\" alt=\"Escalera de la Casa Galer\u00eda de Arte del escultor Juanma Noguera\" title=\"Escala de la Casa Galeria d&#8217;Art de l&#8217;escultor Juanma Noguera\" src=\"https:\/\/claralleal.com\/wp-content\/uploads\/2024\/02\/casa-noguera-escalera-1-671x1024.jpg\" class=\"img-responsive wp-image-10578\" srcset=\"https:\/\/claralleal.com\/wp-content\/uploads\/2024\/02\/casa-noguera-escalera-1-200x305.jpg 200w, https:\/\/claralleal.com\/wp-content\/uploads\/2024\/02\/casa-noguera-escalera-1-400x610.jpg 400w, https:\/\/claralleal.com\/wp-content\/uploads\/2024\/02\/casa-noguera-escalera-1-600x915.jpg 600w, https:\/\/claralleal.com\/wp-content\/uploads\/2024\/02\/casa-noguera-escalera-1-800x1220.jpg 800w, https:\/\/claralleal.com\/wp-content\/uploads\/2024\/02\/casa-noguera-escalera-1.jpg 1180w\" sizes=\"(max-width: 640px) 100vw, 800px\" \/><\/span><\/div><\/div><\/div><div class=\"fusion-layout-column fusion_builder_column fusion-builder-column-7 fusion_builder_column_1_2 1_2 fusion-flex-column fusion-flex-align-self-flex-start\" style=\"--awb-bg-image:url(&#039;https:\/\/claralleal.com\/wp-content\/uploads\/2024\/01\/clara-lleal-art-gallery-house-17-badalona-min.jpg&#039;);--awb-bg-size:cover;--awb-width-large:50%;--awb-margin-top-large:0px;--awb-spacing-right-large:3.84%;--awb-margin-bottom-large:0px;--awb-spacing-left-large:3.84%;--awb-width-medium:50%;--awb-order-medium:0;--awb-spacing-right-medium:3.84%;--awb-spacing-left-medium:3.84%;--awb-width-small:100%;--awb-order-small:0;--awb-spacing-right-small:1.92%;--awb-spacing-left-small:1.92%;\" data-scroll-devices=\"small-visibility,medium-visibility,large-visibility\"><div class=\"fusion-column-wrapper fusion-column-has-shadow fusion-flex-justify-content-center fusion-content-layout-row fusion-column-has-bg-image\" data-bg-url=\"https:\/\/claralleal.com\/wp-content\/uploads\/2024\/01\/clara-lleal-art-gallery-house-17-badalona-min.jpg\"><div class=\"fusion-image-element \" style=\"--awb-caption-title-font-family:var(--h2_typography-font-family);--awb-caption-title-font-weight:var(--h2_typography-font-weight);--awb-caption-title-font-style:var(--h2_typography-font-style);--awb-caption-title-size:var(--h2_typography-font-size);--awb-caption-title-transform:var(--h2_typography-text-transform);--awb-caption-title-line-height:var(--h2_typography-line-height);--awb-caption-title-letter-spacing:var(--h2_typography-letter-spacing);\"><span class=\" fusion-imageframe imageframe-none imageframe-2 hover-type-none\"><img decoding=\"async\" width=\"683\" height=\"1024\" alt=\"Aseo de la Casa Galer\u00eda de Arte del escultor Juanma Noguera\" title=\"Lavabo de la Casa Galeria d&#8217;Art de l&#8217;escultor Juanma Noguera\" src=\"https:\/\/claralleal.com\/wp-content\/uploads\/2024\/02\/casa-noguera-aseo-1-683x1024.jpg\" class=\"img-responsive wp-image-10580\" srcset=\"https:\/\/claralleal.com\/wp-content\/uploads\/2024\/02\/casa-noguera-aseo-1-200x300.jpg 200w, https:\/\/claralleal.com\/wp-content\/uploads\/2024\/02\/casa-noguera-aseo-1-400x600.jpg 400w, https:\/\/claralleal.com\/wp-content\/uploads\/2024\/02\/casa-noguera-aseo-1-600x899.jpg 600w, https:\/\/claralleal.com\/wp-content\/uploads\/2024\/02\/casa-noguera-aseo-1-800x1199.jpg 800w, https:\/\/claralleal.com\/wp-content\/uploads\/2024\/02\/casa-noguera-aseo-1.jpg 1201w\" sizes=\"(max-width: 640px) 100vw, 800px\" \/><\/span><\/div><\/div><\/div><\/div><\/div><div class=\"fusion-fullwidth fullwidth-box fusion-builder-row-4 fusion-flex-container has-pattern-background has-mask-background nonhundred-percent-fullwidth non-hundred-percent-height-scrolling\" style=\"--awb-border-radius-top-left:0px;--awb-border-radius-top-right:0px;--awb-border-radius-bottom-right:0px;--awb-border-radius-bottom-left:0px;--awb-flex-wrap:wrap;\" ><div class=\"fusion-builder-row fusion-row fusion-flex-align-items-flex-start fusion-flex-content-wrap\" style=\"max-width:1352px;margin-left: calc(-4% \/ 2 );margin-right: calc(-4% \/ 2 );\"><div class=\"fusion-layout-column fusion_builder_column fusion-builder-column-8 fusion_builder_column_1_2 1_2 fusion-flex-column\" style=\"--awb-bg-size:cover;--awb-width-large:50%;--awb-margin-top-large:30px;--awb-spacing-right-large:3.84%;--awb-margin-bottom-large:20px;--awb-spacing-left-large:3.84%;--awb-width-medium:50%;--awb-order-medium:0;--awb-spacing-right-medium:3.84%;--awb-spacing-left-medium:3.84%;--awb-width-small:100%;--awb-order-small:0;--awb-spacing-right-small:1.92%;--awb-spacing-left-small:1.92%;\" data-scroll-devices=\"small-visibility,medium-visibility,large-visibility\"><div class=\"fusion-column-wrapper fusion-column-has-shadow fusion-flex-justify-content-flex-start fusion-content-layout-column\"><div class=\"fusion-text fusion-text-3\"><h2>Recorregut per la singular \u201cCasa Galeria d&#8217;Art\u201d<\/h2>\n<\/div><\/div><\/div><div class=\"fusion-layout-column fusion_builder_column fusion-builder-column-9 fusion_builder_column_1_2 1_2 fusion-flex-column\" style=\"--awb-bg-size:cover;--awb-width-large:50%;--awb-margin-top-large:30px;--awb-spacing-right-large:3.84%;--awb-margin-bottom-large:20px;--awb-spacing-left-large:3.84%;--awb-width-medium:50%;--awb-order-medium:0;--awb-spacing-right-medium:3.84%;--awb-spacing-left-medium:3.84%;--awb-width-small:100%;--awb-order-small:0;--awb-spacing-right-small:1.92%;--awb-spacing-left-small:1.92%;\" data-scroll-devices=\"small-visibility,medium-visibility,large-visibility\"><div class=\"fusion-column-wrapper fusion-column-has-shadow fusion-flex-justify-content-flex-start fusion-content-layout-column\"><div class=\"fusion-text fusion-text-4\"><p>Just en entrar a l\u2019habitatge ens trobem amb un gran sal\u00f3\u2013menjador d\u2019uns 120 m\u00b2, amb sostres a dues aig\u00fces de m\u00e9s de 6 metres d\u2019al\u00e7ada al punt central. <strong>Un dels reptes a l\u2019hora de dissenyar aquest espai era aconseguir un ambient acollidor malgrat la seva amplitud,<\/strong> i evitar que les peces de mobiliari quedessin disperses.<\/p>\n<\/div><\/div><\/div><\/div><\/div><div class=\"fusion-fullwidth fullwidth-box fusion-builder-row-5 fusion-flex-container has-pattern-background has-mask-background nonhundred-percent-fullwidth non-hundred-percent-height-scrolling\" style=\"--awb-border-radius-top-left:0px;--awb-border-radius-top-right:0px;--awb-border-radius-bottom-right:0px;--awb-border-radius-bottom-left:0px;--awb-flex-wrap:wrap;\" ><div class=\"fusion-builder-row fusion-row fusion-flex-align-items-flex-start fusion-flex-content-wrap\" style=\"max-width:1352px;margin-left: calc(-4% \/ 2 );margin-right: calc(-4% \/ 2 );\"><div class=\"fusion-layout-column fusion_builder_column fusion-builder-column-10 fusion_builder_column_1_2 1_2 fusion-flex-column fusion-flex-align-self-center\" style=\"--awb-bg-size:cover;--awb-width-large:50%;--awb-margin-top-large:30px;--awb-spacing-right-large:3.84%;--awb-margin-bottom-large:20px;--awb-spacing-left-large:3.84%;--awb-width-medium:50%;--awb-order-medium:0;--awb-spacing-right-medium:3.84%;--awb-spacing-left-medium:3.84%;--awb-width-small:100%;--awb-order-small:0;--awb-spacing-right-small:1.92%;--awb-spacing-left-small:1.92%;\" data-scroll-devices=\"small-visibility,medium-visibility,large-visibility\"><div class=\"fusion-column-wrapper fusion-column-has-shadow fusion-flex-justify-content-flex-start fusion-content-layout-column\"><div class=\"fusion-text fusion-text-5\"><p><strong>La pe\u00e7a m\u00e9s destacada \u00e9s una estructura central dissenyada a mida<\/strong> que compleix dues funcions: \u00e9s taula de menjador i, alhora, el quart esgla\u00f3 de l\u2019escala que puja a la terrassa. El sobre de la taula \u00e9s de parquet d\u2019espiga, igual que el de la zona de les habitacions, <strong>generant aix\u00ed una continu\u00eftat visual<\/strong>. Les escales s\u00f3n de xapa de ferro plegada.<\/p>\n<\/div><div class=\"fusion-text fusion-text-6\"><p>La xapa de ferro tamb\u00e9 s\u2019ha utilitzat per dissenyar el moble que integra la cuina, l\u2019armari vestidor de l\u2019entrada i una llibreria. Un parell d\u2019hornacines amb fusta de teca a l\u2019interior i il\u00b7luminaci\u00f3 trenquen la continu\u00eftat del negre.<\/p>\n<p>Al fons del sal\u00f3, davant dels finestrals, s\u2019hi ha ubicat una galeria tancada amb tres portes de quarterons de ferro i vidre. <strong>A aquest espai se li ha volgut donar un aire m\u00e9s vintage.<\/strong> S\u2019ha mantingut el paviment hidr\u00e0ulic original i s\u2019hi ha creat un joc de llums i plantes penjants, combinant les escultures del propietari amb mobles antics.<\/p>\n<p>En sortir del sal\u00f3, ens trobem amb el taller d\u2019escultura i pintura de Juanma Noguera. En ser una zona de treball m\u00e9s aviat bruta, s\u2019ha deixat tal com era.<\/p>\n<\/div><\/div><\/div><div class=\"fusion-layout-column fusion_builder_column fusion-builder-column-11 fusion_builder_column_1_2 1_2 fusion-flex-column fusion-flex-align-self-center\" style=\"--awb-bg-size:cover;--awb-width-large:50%;--awb-margin-top-large:0px;--awb-spacing-right-large:3.84%;--awb-margin-bottom-large:20px;--awb-spacing-left-large:3.84%;--awb-width-medium:50%;--awb-order-medium:0;--awb-spacing-right-medium:3.84%;--awb-spacing-left-medium:3.84%;--awb-width-small:100%;--awb-order-small:0;--awb-spacing-right-small:1.92%;--awb-spacing-left-small:1.92%;\" data-scroll-devices=\"small-visibility,medium-visibility,large-visibility\"><div class=\"fusion-column-wrapper fusion-column-has-shadow fusion-flex-justify-content-flex-end fusion-content-layout-row\"><div class=\"fusion-image-element \" style=\"--awb-caption-title-font-family:var(--h2_typography-font-family);--awb-caption-title-font-weight:var(--h2_typography-font-weight);--awb-caption-title-font-style:var(--h2_typography-font-style);--awb-caption-title-size:var(--h2_typography-font-size);--awb-caption-title-transform:var(--h2_typography-text-transform);--awb-caption-title-line-height:var(--h2_typography-line-height);--awb-caption-title-letter-spacing:var(--h2_typography-letter-spacing);\"><span class=\" fusion-imageframe imageframe-none imageframe-3 hover-type-none\"><img decoding=\"async\" width=\"924\" height=\"1400\" alt=\"Detalle de la Casa Galer\u00eda de Arte del escultor Juanma Noguera\" title=\"Detall de la Casa Galeria d&#8217;Art de l&#8217;escultor Juanma Noguera\" src=\"https:\/\/claralleal.com\/wp-content\/uploads\/2024\/02\/casa-noguera-detalle-1.jpg\" class=\"img-responsive wp-image-10582\" srcset=\"https:\/\/claralleal.com\/wp-content\/uploads\/2024\/02\/casa-noguera-detalle-1-200x303.jpg 200w, https:\/\/claralleal.com\/wp-content\/uploads\/2024\/02\/casa-noguera-detalle-1-400x606.jpg 400w, https:\/\/claralleal.com\/wp-content\/uploads\/2024\/02\/casa-noguera-detalle-1-600x909.jpg 600w, https:\/\/claralleal.com\/wp-content\/uploads\/2024\/02\/casa-noguera-detalle-1-800x1212.jpg 800w, https:\/\/claralleal.com\/wp-content\/uploads\/2024\/02\/casa-noguera-detalle-1.jpg 924w\" sizes=\"(max-width: 640px) 100vw, 800px\" \/><\/span><\/div><\/div><\/div><\/div><\/div><div class=\"fusion-fullwidth fullwidth-box fusion-builder-row-6 fusion-flex-container has-pattern-background has-mask-background hundred-percent-fullwidth non-hundred-percent-height-scrolling fusion-animated\" style=\"--awb-border-sizes-left:0;--awb-border-sizes-right:0;--awb-border-radius-top-left:0px;--awb-border-radius-top-right:0px;--awb-border-radius-bottom-right:0px;--awb-border-radius-bottom-left:0px;--awb-flex-wrap:nowrap;\" data-animationType=\"slideInUp\" data-animationDuration=\"1.0\" data-animationOffset=\"top-into-view\" ><div class=\"fusion-builder-row fusion-row fusion-flex-align-items-flex-start fusion-flex-justify-content-space-between fusion-flex-content-wrap\" style=\"width:104% !important;max-width:104% !important;margin-left: calc(-4% \/ 2 );margin-right: calc(-4% \/ 2 );\"><div class=\"fusion-layout-column fusion_builder_column fusion-builder-column-12 fusion_builder_column_1_2 1_2 fusion-flex-column\" style=\"--awb-bg-size:cover;--awb-width-large:50%;--awb-margin-top-large:0px;--awb-spacing-right-large:3.84%;--awb-margin-bottom-large:20px;--awb-spacing-left-large:3.84%;--awb-width-medium:50%;--awb-order-medium:0;--awb-spacing-right-medium:3.84%;--awb-spacing-left-medium:3.84%;--awb-width-small:100%;--awb-order-small:0;--awb-spacing-right-small:1.92%;--awb-spacing-left-small:1.92%;\" data-scroll-devices=\"small-visibility,medium-visibility,large-visibility\"><div class=\"fusion-column-wrapper fusion-column-has-shadow fusion-flex-justify-content-flex-start fusion-content-layout-column\"><div class=\"fusion-image-element \" style=\"--awb-caption-title-font-family:var(--h2_typography-font-family);--awb-caption-title-font-weight:var(--h2_typography-font-weight);--awb-caption-title-font-style:var(--h2_typography-font-style);--awb-caption-title-size:var(--h2_typography-font-size);--awb-caption-title-transform:var(--h2_typography-text-transform);--awb-caption-title-line-height:var(--h2_typography-line-height);--awb-caption-title-letter-spacing:var(--h2_typography-letter-spacing);\"><span class=\" fusion-imageframe imageframe-none imageframe-4 hover-type-none\"><img decoding=\"async\" width=\"1024\" height=\"683\" alt=\"Sal\u00f3n de la Casa Galer\u00eda de Arte del escultor Juanma Noguera\" title=\"Sal\u00f3 de la Casa Galeria d&#8217;Art de l&#8217;escultor Juanma Noguera\" src=\"https:\/\/claralleal.com\/wp-content\/uploads\/2024\/02\/casa-noguera-salon-1-1024x683.jpg\" class=\"img-responsive wp-image-10586\" srcset=\"https:\/\/claralleal.com\/wp-content\/uploads\/2024\/02\/casa-noguera-salon-1-200x133.jpg 200w, https:\/\/claralleal.com\/wp-content\/uploads\/2024\/02\/casa-noguera-salon-1-400x267.jpg 400w, https:\/\/claralleal.com\/wp-content\/uploads\/2024\/02\/casa-noguera-salon-1-600x400.jpg 600w, https:\/\/claralleal.com\/wp-content\/uploads\/2024\/02\/casa-noguera-salon-1-800x534.jpg 800w, https:\/\/claralleal.com\/wp-content\/uploads\/2024\/02\/casa-noguera-salon-1-1200x801.jpg 1200w, https:\/\/claralleal.com\/wp-content\/uploads\/2024\/02\/casa-noguera-salon-1.jpg 1400w\" sizes=\"(max-width: 640px) 100vw, 800px\" \/><\/span><\/div><\/div><\/div><div class=\"fusion-layout-column fusion_builder_column fusion-builder-column-13 fusion_builder_column_1_2 1_2 fusion-flex-column\" style=\"--awb-bg-size:cover;--awb-width-large:50%;--awb-margin-top-large:0px;--awb-spacing-right-large:3.84%;--awb-margin-bottom-large:20px;--awb-spacing-left-large:3.84%;--awb-width-medium:50%;--awb-order-medium:0;--awb-spacing-right-medium:3.84%;--awb-spacing-left-medium:3.84%;--awb-width-small:100%;--awb-order-small:0;--awb-spacing-right-small:1.92%;--awb-spacing-left-small:1.92%;\" data-scroll-devices=\"small-visibility,medium-visibility,large-visibility\"><div class=\"fusion-column-wrapper fusion-column-has-shadow fusion-flex-justify-content-space-around fusion-content-layout-column\"><div class=\"fusion-image-element \" style=\"--awb-caption-title-font-family:var(--h2_typography-font-family);--awb-caption-title-font-weight:var(--h2_typography-font-weight);--awb-caption-title-font-style:var(--h2_typography-font-style);--awb-caption-title-size:var(--h2_typography-font-size);--awb-caption-title-transform:var(--h2_typography-text-transform);--awb-caption-title-line-height:var(--h2_typography-line-height);--awb-caption-title-letter-spacing:var(--h2_typography-letter-spacing);\"><span class=\" fusion-imageframe imageframe-none imageframe-5 hover-type-none\"><img decoding=\"async\" width=\"1024\" height=\"700\" alt=\"Exposici\u00f3n de esculturas de la Casa Galer\u00eda de Arte del escultor Juanma Noguera\" title=\"Exposici\u00f3 d&#8217;Escultures de la Casa Galeria d&#8217;Art de l&#8217;escultor Juanma Noguera\" src=\"https:\/\/claralleal.com\/wp-content\/uploads\/2024\/02\/casa-noguera-exposicion-1-1024x700.jpg\" class=\"img-responsive wp-image-10584\" srcset=\"https:\/\/claralleal.com\/wp-content\/uploads\/2024\/02\/casa-noguera-exposicion-1-200x137.jpg 200w, https:\/\/claralleal.com\/wp-content\/uploads\/2024\/02\/casa-noguera-exposicion-1-400x273.jpg 400w, https:\/\/claralleal.com\/wp-content\/uploads\/2024\/02\/casa-noguera-exposicion-1-600x410.jpg 600w, https:\/\/claralleal.com\/wp-content\/uploads\/2024\/02\/casa-noguera-exposicion-1-800x547.jpg 800w, https:\/\/claralleal.com\/wp-content\/uploads\/2024\/02\/casa-noguera-exposicion-1-1200x820.jpg 1200w, https:\/\/claralleal.com\/wp-content\/uploads\/2024\/02\/casa-noguera-exposicion-1.jpg 1400w\" sizes=\"(max-width: 640px) 100vw, 800px\" \/><\/span><\/div><\/div><\/div><\/div><\/div><div class=\"fusion-fullwidth fullwidth-box fusion-builder-row-7 fusion-flex-container has-pattern-background has-mask-background hundred-percent-fullwidth non-hundred-percent-height-scrolling fusion-animated\" style=\"--awb-border-sizes-left:0;--awb-border-sizes-right:0;--awb-border-radius-top-left:0px;--awb-border-radius-top-right:0px;--awb-border-radius-bottom-right:0px;--awb-border-radius-bottom-left:0px;--awb-flex-wrap:wrap;\" data-animationType=\"slideInUp\" data-animationDuration=\"1.0\" data-animationOffset=\"top-into-view\" ><div class=\"fusion-builder-row fusion-row fusion-flex-align-items-flex-start fusion-flex-justify-content-space-between fusion-flex-content-wrap\" style=\"width:104% !important;max-width:104% !important;margin-left: calc(-4% \/ 2 );margin-right: calc(-4% \/ 2 );\"><div class=\"fusion-layout-column fusion_builder_column fusion-builder-column-14 fusion_builder_column_1_2 1_2 fusion-flex-column\" style=\"--awb-bg-size:cover;--awb-width-large:50%;--awb-margin-top-large:0px;--awb-spacing-right-large:3.84%;--awb-margin-bottom-large:20px;--awb-spacing-left-large:3.84%;--awb-width-medium:50%;--awb-order-medium:0;--awb-spacing-right-medium:3.84%;--awb-spacing-left-medium:3.84%;--awb-width-small:100%;--awb-order-small:0;--awb-spacing-right-small:1.92%;--awb-spacing-left-small:1.92%;\" data-scroll-devices=\"small-visibility,medium-visibility,large-visibility\"><div class=\"fusion-column-wrapper fusion-column-has-shadow fusion-flex-justify-content-flex-start fusion-content-layout-column\"><div class=\"fusion-image-element \" style=\"--awb-caption-title-font-family:var(--h2_typography-font-family);--awb-caption-title-font-weight:var(--h2_typography-font-weight);--awb-caption-title-font-style:var(--h2_typography-font-style);--awb-caption-title-size:var(--h2_typography-font-size);--awb-caption-title-transform:var(--h2_typography-text-transform);--awb-caption-title-line-height:var(--h2_typography-line-height);--awb-caption-title-letter-spacing:var(--h2_typography-letter-spacing);\"><span class=\" fusion-imageframe imageframe-none imageframe-6 hover-type-none\"><img decoding=\"async\" width=\"1024\" height=\"683\" alt=\"Cocina de la Casa Galer\u00eda de Arte del escultor Juanma Noguera\" title=\"Cuina de la Casa Galeria d&#8217;Art de l&#8217;escultor Juanma Noguera\" src=\"https:\/\/claralleal.com\/wp-content\/uploads\/2024\/02\/casa-noguera-cocina-1-1024x683.jpg\" class=\"img-responsive wp-image-10588\" srcset=\"https:\/\/claralleal.com\/wp-content\/uploads\/2024\/02\/casa-noguera-cocina-1-200x133.jpg 200w, https:\/\/claralleal.com\/wp-content\/uploads\/2024\/02\/casa-noguera-cocina-1-400x267.jpg 400w, https:\/\/claralleal.com\/wp-content\/uploads\/2024\/02\/casa-noguera-cocina-1-600x400.jpg 600w, https:\/\/claralleal.com\/wp-content\/uploads\/2024\/02\/casa-noguera-cocina-1-800x534.jpg 800w, https:\/\/claralleal.com\/wp-content\/uploads\/2024\/02\/casa-noguera-cocina-1-1200x801.jpg 1200w, https:\/\/claralleal.com\/wp-content\/uploads\/2024\/02\/casa-noguera-cocina-1.jpg 1920w\" sizes=\"(max-width: 640px) 100vw, 800px\" \/><\/span><\/div><\/div><\/div><div class=\"fusion-layout-column fusion_builder_column fusion-builder-column-15 fusion_builder_column_1_2 1_2 fusion-flex-column\" style=\"--awb-bg-size:cover;--awb-width-large:50%;--awb-margin-top-large:0px;--awb-spacing-right-large:3.84%;--awb-margin-bottom-large:20px;--awb-spacing-left-large:3.84%;--awb-width-medium:50%;--awb-order-medium:0;--awb-spacing-right-medium:3.84%;--awb-spacing-left-medium:3.84%;--awb-width-small:100%;--awb-order-small:0;--awb-spacing-right-small:1.92%;--awb-spacing-left-small:1.92%;\" data-scroll-devices=\"small-visibility,medium-visibility,large-visibility\"><div class=\"fusion-column-wrapper fusion-column-has-shadow fusion-flex-justify-content-space-around fusion-content-layout-column\"><div class=\"fusion-image-element \" style=\"--awb-caption-title-font-family:var(--h2_typography-font-family);--awb-caption-title-font-weight:var(--h2_typography-font-weight);--awb-caption-title-font-style:var(--h2_typography-font-style);--awb-caption-title-size:var(--h2_typography-font-size);--awb-caption-title-transform:var(--h2_typography-text-transform);--awb-caption-title-line-height:var(--h2_typography-line-height);--awb-caption-title-letter-spacing:var(--h2_typography-letter-spacing);\"><span class=\" fusion-imageframe imageframe-none imageframe-7 hover-type-none\"><img decoding=\"async\" width=\"1920\" height=\"1290\" alt=\"Terraza de la Casa Galer\u00eda de Arte del escultor Juanma Noguera\" title=\"Terrassa de la Casa Galeria d&#8217;Art de l&#8217;escultor Juanma Noguera\" src=\"https:\/\/claralleal.com\/wp-content\/uploads\/2024\/02\/casa-noguera-terraza-1.jpg\" class=\"img-responsive wp-image-10590\" srcset=\"https:\/\/claralleal.com\/wp-content\/uploads\/2024\/02\/casa-noguera-terraza-1-200x134.jpg 200w, https:\/\/claralleal.com\/wp-content\/uploads\/2024\/02\/casa-noguera-terraza-1-400x269.jpg 400w, https:\/\/claralleal.com\/wp-content\/uploads\/2024\/02\/casa-noguera-terraza-1-600x403.jpg 600w, https:\/\/claralleal.com\/wp-content\/uploads\/2024\/02\/casa-noguera-terraza-1-800x538.jpg 800w, https:\/\/claralleal.com\/wp-content\/uploads\/2024\/02\/casa-noguera-terraza-1-1200x806.jpg 1200w, https:\/\/claralleal.com\/wp-content\/uploads\/2024\/02\/casa-noguera-terraza-1.jpg 1920w\" sizes=\"(max-width: 640px) 100vw, 800px\" \/><\/span><\/div><\/div><\/div><\/div><\/div><div class=\"fusion-fullwidth fullwidth-box fusion-builder-row-8 fusion-flex-container has-pattern-background has-mask-background nonhundred-percent-fullwidth non-hundred-percent-height-scrolling\" style=\"--awb-border-radius-top-left:0px;--awb-border-radius-top-right:0px;--awb-border-radius-bottom-right:0px;--awb-border-radius-bottom-left:0px;--awb-flex-wrap:wrap;\" ><div class=\"fusion-builder-row fusion-row fusion-flex-align-items-flex-start fusion-flex-content-wrap\" style=\"max-width:1352px;margin-left: calc(-4% \/ 2 );margin-right: calc(-4% \/ 2 );\"><div class=\"fusion-layout-column fusion_builder_column fusion-builder-column-16 fusion_builder_column_1_2 1_2 fusion-flex-column\" style=\"--awb-bg-size:cover;--awb-width-large:50%;--awb-margin-top-large:30px;--awb-spacing-right-large:3.84%;--awb-margin-bottom-large:20px;--awb-spacing-left-large:3.84%;--awb-width-medium:50%;--awb-order-medium:0;--awb-spacing-right-medium:3.84%;--awb-spacing-left-medium:3.84%;--awb-width-small:100%;--awb-order-small:0;--awb-spacing-right-small:1.92%;--awb-spacing-left-small:1.92%;\" data-scroll-devices=\"small-visibility,medium-visibility,large-visibility\"><div class=\"fusion-column-wrapper fusion-column-has-shadow fusion-flex-justify-content-flex-start fusion-content-layout-column\"><div class=\"fusion-text fusion-text-7\"><p>Seguidament, trobem el lavabo, amb<strong> el rentamans orientat cap al finestral i fabricat a mida amb xapa d\u2019acer inoxidable esmaltada al foc<\/strong>, amb la particularitat que desguassa a l\u2019interior de la paret. L\u2019aixeteria baixa des del sostre i la paret es va deixar amb el mateix dibuix que genera la llana en escampar el ciment.<\/p>\n<\/div><\/div><\/div><div class=\"fusion-layout-column fusion_builder_column fusion-builder-column-17 fusion_builder_column_1_2 1_2 fusion-flex-column\" style=\"--awb-bg-size:cover;--awb-width-large:50%;--awb-margin-top-large:30px;--awb-spacing-right-large:3.84%;--awb-margin-bottom-large:20px;--awb-spacing-left-large:3.84%;--awb-width-medium:50%;--awb-order-medium:0;--awb-spacing-right-medium:3.84%;--awb-spacing-left-medium:3.84%;--awb-width-small:100%;--awb-order-small:0;--awb-spacing-right-small:1.92%;--awb-spacing-left-small:1.92%;\" data-scroll-devices=\"small-visibility,medium-visibility,large-visibility\"><div class=\"fusion-column-wrapper fusion-column-has-shadow fusion-flex-justify-content-flex-start fusion-content-layout-column\"><div class=\"fusion-text fusion-text-8\"><p>Unes grans portes corredisses de vidre donen pas a la suite: vestidor, dormitori i zona de bany en una mateixa estan\u00e7a. La dutxa i l\u2019inodor, amb vistes al pati, es tanquen amb el mateix vidre corred\u00eds; quan un \u00e9s obert, l\u2019altre roman tancat. A peu de llit s\u2019hi ha ubicat una banyera exempta i <strong>tot el mobiliari s\u2019ha dissenyat a mida.<\/strong><\/p>\n<\/div><\/div><\/div><\/div><\/div><div class=\"fusion-fullwidth fullwidth-box fusion-builder-row-9 fusion-flex-container has-pattern-background has-mask-background hundred-percent-fullwidth non-hundred-percent-height-scrolling fusion-animated\" style=\"--awb-border-sizes-left:0;--awb-border-sizes-right:0;--awb-border-radius-top-left:0px;--awb-border-radius-top-right:0px;--awb-border-radius-bottom-right:0px;--awb-border-radius-bottom-left:0px;--awb-flex-wrap:wrap;\" data-animationType=\"slideInUp\" data-animationDuration=\"1.0\" data-animationOffset=\"top-into-view\" ><div class=\"fusion-builder-row fusion-row fusion-flex-align-items-flex-start fusion-flex-justify-content-space-between fusion-flex-content-wrap\" style=\"width:104% !important;max-width:104% !important;margin-left: calc(-4% \/ 2 );margin-right: calc(-4% \/ 2 );\"><div class=\"fusion-layout-column fusion_builder_column fusion-builder-column-18 fusion_builder_column_1_2 1_2 fusion-flex-column\" style=\"--awb-bg-size:cover;--awb-width-large:50%;--awb-margin-top-large:0px;--awb-spacing-right-large:3.84%;--awb-margin-bottom-large:20px;--awb-spacing-left-large:3.84%;--awb-width-medium:50%;--awb-order-medium:0;--awb-spacing-right-medium:3.84%;--awb-spacing-left-medium:3.84%;--awb-width-small:100%;--awb-order-small:0;--awb-spacing-right-small:1.92%;--awb-spacing-left-small:1.92%;\" data-scroll-devices=\"small-visibility,medium-visibility,large-visibility\"><div class=\"fusion-column-wrapper fusion-column-has-shadow fusion-flex-justify-content-flex-start fusion-content-layout-column\"><div class=\"fusion-image-element \" style=\"--awb-caption-title-font-family:var(--h2_typography-font-family);--awb-caption-title-font-weight:var(--h2_typography-font-weight);--awb-caption-title-font-style:var(--h2_typography-font-style);--awb-caption-title-size:var(--h2_typography-font-size);--awb-caption-title-transform:var(--h2_typography-text-transform);--awb-caption-title-line-height:var(--h2_typography-line-height);--awb-caption-title-letter-spacing:var(--h2_typography-letter-spacing);\"><span class=\" fusion-imageframe imageframe-none imageframe-8 hover-type-none\"><img decoding=\"async\" width=\"1024\" height=\"688\" alt=\"Habitaci\u00f3n principal de la Casa Galer\u00eda de Arte del escultor Juanma Noguera\" title=\"Habitaci\u00f3 Principal de la Casa Galeria d&#8217;Art de l&#8217;escultor Juanma Noguera\" src=\"https:\/\/claralleal.com\/wp-content\/uploads\/2024\/02\/casa-noguera-habitacion-1-1024x688.jpg\" class=\"img-responsive wp-image-10592\" srcset=\"https:\/\/claralleal.com\/wp-content\/uploads\/2024\/02\/casa-noguera-habitacion-1-200x134.jpg 200w, https:\/\/claralleal.com\/wp-content\/uploads\/2024\/02\/casa-noguera-habitacion-1-400x269.jpg 400w, https:\/\/claralleal.com\/wp-content\/uploads\/2024\/02\/casa-noguera-habitacion-1-600x403.jpg 600w, https:\/\/claralleal.com\/wp-content\/uploads\/2024\/02\/casa-noguera-habitacion-1-800x538.jpg 800w, https:\/\/claralleal.com\/wp-content\/uploads\/2024\/02\/casa-noguera-habitacion-1-1200x806.jpg 1200w, https:\/\/claralleal.com\/wp-content\/uploads\/2024\/02\/casa-noguera-habitacion-1.jpg 1920w\" sizes=\"(max-width: 640px) 100vw, 800px\" \/><\/span><\/div><\/div><\/div><div class=\"fusion-layout-column fusion_builder_column fusion-builder-column-19 fusion_builder_column_1_2 1_2 fusion-flex-column\" style=\"--awb-bg-size:cover;--awb-width-large:50%;--awb-margin-top-large:0px;--awb-spacing-right-large:3.84%;--awb-margin-bottom-large:20px;--awb-spacing-left-large:3.84%;--awb-width-medium:50%;--awb-order-medium:0;--awb-spacing-right-medium:3.84%;--awb-spacing-left-medium:3.84%;--awb-width-small:100%;--awb-order-small:0;--awb-spacing-right-small:1.92%;--awb-spacing-left-small:1.92%;\" data-scroll-devices=\"small-visibility,medium-visibility,large-visibility\"><div class=\"fusion-column-wrapper fusion-column-has-shadow fusion-flex-justify-content-space-around fusion-content-layout-column\"><div class=\"fusion-image-element \" style=\"--awb-caption-title-font-family:var(--h2_typography-font-family);--awb-caption-title-font-weight:var(--h2_typography-font-weight);--awb-caption-title-font-style:var(--h2_typography-font-style);--awb-caption-title-size:var(--h2_typography-font-size);--awb-caption-title-transform:var(--h2_typography-text-transform);--awb-caption-title-line-height:var(--h2_typography-line-height);--awb-caption-title-letter-spacing:var(--h2_typography-letter-spacing);\"><span class=\" fusion-imageframe imageframe-none imageframe-9 hover-type-none\"><img decoding=\"async\" width=\"1024\" height=\"692\" alt=\"Taller del escultor Juanma Noguera\" title=\"Taller de l&#8217;escultor Juanma Noguera\" src=\"https:\/\/claralleal.com\/wp-content\/uploads\/2024\/02\/casa-noguera-taller-1-1024x692.jpg\" class=\"img-responsive wp-image-10595\" srcset=\"https:\/\/claralleal.com\/wp-content\/uploads\/2024\/02\/casa-noguera-taller-1-200x135.jpg 200w, https:\/\/claralleal.com\/wp-content\/uploads\/2024\/02\/casa-noguera-taller-1-400x270.jpg 400w, https:\/\/claralleal.com\/wp-content\/uploads\/2024\/02\/casa-noguera-taller-1-600x405.jpg 600w, https:\/\/claralleal.com\/wp-content\/uploads\/2024\/02\/casa-noguera-taller-1-800x541.jpg 800w, https:\/\/claralleal.com\/wp-content\/uploads\/2024\/02\/casa-noguera-taller-1-1200x811.jpg 1200w, https:\/\/claralleal.com\/wp-content\/uploads\/2024\/02\/casa-noguera-taller-1.jpg 1400w\" sizes=\"(max-width: 640px) 100vw, 800px\" \/><\/span><\/div><\/div><\/div><\/div><\/div><div class=\"fusion-fullwidth fullwidth-box fusion-builder-row-10 fusion-flex-container has-pattern-background has-mask-background hundred-percent-fullwidth non-hundred-percent-height-scrolling\" style=\"--awb-border-radius-top-left:0px;--awb-border-radius-top-right:0px;--awb-border-radius-bottom-right:0px;--awb-border-radius-bottom-left:0px;--awb-flex-wrap:wrap;\" ><div class=\"fusion-builder-row fusion-row fusion-flex-align-items-flex-start fusion-flex-content-wrap\" style=\"width:104% !important;max-width:104% !important;margin-left: calc(-4% \/ 2 );margin-right: calc(-4% \/ 2 );\"><div class=\"fusion-layout-column fusion_builder_column fusion-builder-column-20 fusion_builder_column_1_1 1_1 fusion-flex-column\" style=\"--awb-bg-size:cover;--awb-width-large:100%;--awb-margin-top-large:0px;--awb-spacing-right-large:1.92%;--awb-margin-bottom-large:20px;--awb-spacing-left-large:1.92%;--awb-width-medium:100%;--awb-order-medium:0;--awb-spacing-right-medium:1.92%;--awb-spacing-left-medium:1.92%;--awb-width-small:100%;--awb-order-small:0;--awb-spacing-right-small:1.92%;--awb-spacing-left-small:1.92%;\" data-scroll-devices=\"small-visibility,medium-visibility,large-visibility\"><div class=\"fusion-column-wrapper fusion-column-has-shadow fusion-flex-justify-content-flex-start fusion-content-layout-column\"><div class=\"fusion-image-element \" style=\"--awb-caption-title-font-family:var(--h2_typography-font-family);--awb-caption-title-font-weight:var(--h2_typography-font-weight);--awb-caption-title-font-style:var(--h2_typography-font-style);--awb-caption-title-size:var(--h2_typography-font-size);--awb-caption-title-transform:var(--h2_typography-text-transform);--awb-caption-title-line-height:var(--h2_typography-line-height);--awb-caption-title-letter-spacing:var(--h2_typography-letter-spacing);\"><span class=\" fusion-imageframe imageframe-none imageframe-10 hover-type-none\"><img decoding=\"async\" width=\"1920\" height=\"1277\" alt=\"Sala de estar de la Casa Galer\u00eda de Arte del escultor Juanma Noguera\" title=\"Sala d&#8217;estar de la Casa Galeria d&#8217;Art de l&#8217;escultor Juanma Noguera\" src=\"https:\/\/claralleal.com\/wp-content\/uploads\/2024\/02\/casa-noguera-sala-1.jpg\" class=\"img-responsive wp-image-10597\" srcset=\"https:\/\/claralleal.com\/wp-content\/uploads\/2024\/02\/casa-noguera-sala-1-200x133.jpg 200w, https:\/\/claralleal.com\/wp-content\/uploads\/2024\/02\/casa-noguera-sala-1-400x266.jpg 400w, https:\/\/claralleal.com\/wp-content\/uploads\/2024\/02\/casa-noguera-sala-1-600x399.jpg 600w, https:\/\/claralleal.com\/wp-content\/uploads\/2024\/02\/casa-noguera-sala-1-800x532.jpg 800w, https:\/\/claralleal.com\/wp-content\/uploads\/2024\/02\/casa-noguera-sala-1-1200x798.jpg 1200w, https:\/\/claralleal.com\/wp-content\/uploads\/2024\/02\/casa-noguera-sala-1.jpg 1920w\" sizes=\"(max-width: 640px) 100vw, 1920px\" \/><\/span><\/div><\/div><\/div><\/div><\/div><div class=\"fusion-fullwidth fullwidth-box fusion-builder-row-11 fusion-flex-container has-pattern-background has-mask-background nonhundred-percent-fullwidth non-hundred-percent-height-scrolling\" style=\"--awb-border-radius-top-left:0px;--awb-border-radius-top-right:0px;--awb-border-radius-bottom-right:0px;--awb-border-radius-bottom-left:0px;--awb-flex-wrap:wrap;\" ><div class=\"fusion-builder-row fusion-row fusion-flex-align-items-flex-start fusion-flex-content-wrap\" style=\"max-width:1352px;margin-left: calc(-4% \/ 2 );margin-right: calc(-4% \/ 2 );\"><div class=\"fusion-layout-column fusion_builder_column fusion-builder-column-21 fusion_builder_column_1_2 1_2 fusion-flex-column\" style=\"--awb-bg-size:cover;--awb-width-large:50%;--awb-margin-top-large:30px;--awb-spacing-right-large:3.84%;--awb-margin-bottom-large:20px;--awb-spacing-left-large:3.84%;--awb-width-medium:50%;--awb-order-medium:0;--awb-spacing-right-medium:3.84%;--awb-spacing-left-medium:3.84%;--awb-width-small:100%;--awb-order-small:0;--awb-spacing-right-small:1.92%;--awb-spacing-left-small:1.92%;\" data-scroll-devices=\"small-visibility,medium-visibility,large-visibility\"><div class=\"fusion-column-wrapper fusion-column-has-shadow fusion-flex-justify-content-flex-start fusion-content-layout-column\"><div class=\"fusion-text fusion-text-9\"><p>A continuaci\u00f3, ens trobem amb el pati, que dona acc\u00e9s a les habitacions dels nens, separades per un bany compartit.<\/p>\n<p>Les dues habitacions disposen d\u2019un altell on s\u2019ubica la zona de dormitori a la part superior. Ambdues compten amb un gran vestidor, zona d\u2019estudi i un espai chill-out amb sof\u00e0s. Al bany s\u2019hi accedeix des de les dues habitacions.<\/p>\n<\/div><\/div><\/div><div class=\"fusion-layout-column fusion_builder_column fusion-builder-column-22 fusion_builder_column_1_2 1_2 fusion-flex-column\" style=\"--awb-bg-size:cover;--awb-width-large:50%;--awb-margin-top-large:30px;--awb-spacing-right-large:3.84%;--awb-margin-bottom-large:20px;--awb-spacing-left-large:3.84%;--awb-width-medium:50%;--awb-order-medium:0;--awb-spacing-right-medium:3.84%;--awb-spacing-left-medium:3.84%;--awb-width-small:100%;--awb-order-small:0;--awb-spacing-right-small:1.92%;--awb-spacing-left-small:1.92%;\" data-scroll-devices=\"small-visibility,medium-visibility,large-visibility\"><div class=\"fusion-column-wrapper fusion-column-has-shadow fusion-flex-justify-content-flex-start fusion-content-layout-column\"><div class=\"fusion-text fusion-text-10\"><p><strong>El terrat tamb\u00e9 s\u2019ha reformat \u00edntegrament:<\/strong> s\u2019hi ha instal\u00b7lat tarima sint\u00e8tica per a exteriors i una piscina d\u2019acer inoxidable desbordant per no sobrecarregar l\u2019estructura. Les escultures del propietari contribueixen a l\u2019originalitat de l\u2019espai.<\/p>\n<\/div><\/div><\/div><\/div><\/div><div class=\"fusion-fullwidth fullwidth-box fusion-builder-row-12 fusion-flex-container has-pattern-background has-mask-background hundred-percent-fullwidth non-hundred-percent-height-scrolling fusion-animated\" style=\"--awb-border-radius-top-left:0px;--awb-border-radius-top-right:0px;--awb-border-radius-bottom-right:0px;--awb-border-radius-bottom-left:0px;--awb-flex-wrap:wrap;\" data-animationType=\"slideInRight\" data-animationDuration=\"1.0\" data-animationOffset=\"top-into-view\" ><div class=\"fusion-builder-row fusion-row fusion-flex-align-items-flex-start fusion-flex-content-wrap\" style=\"width:104% !important;max-width:104% !important;margin-left: calc(-4% \/ 2 );margin-right: calc(-4% \/ 2 );\"><div class=\"fusion-layout-column fusion_builder_column fusion-builder-column-23 fusion_builder_column_1_2 1_2 fusion-flex-column\" style=\"--awb-bg-size:cover;--awb-width-large:50%;--awb-margin-top-large:0px;--awb-spacing-right-large:3.84%;--awb-margin-bottom-large:20px;--awb-spacing-left-large:3.84%;--awb-width-medium:50%;--awb-order-medium:0;--awb-spacing-right-medium:3.84%;--awb-spacing-left-medium:3.84%;--awb-width-small:100%;--awb-order-small:0;--awb-spacing-right-small:1.92%;--awb-spacing-left-small:1.92%;\" data-scroll-devices=\"small-visibility,medium-visibility,large-visibility\"><div class=\"fusion-column-wrapper fusion-column-has-shadow fusion-flex-justify-content-flex-start fusion-content-layout-column\"><div class=\"fusion-image-element \" style=\"--awb-caption-title-font-family:var(--h2_typography-font-family);--awb-caption-title-font-weight:var(--h2_typography-font-weight);--awb-caption-title-font-style:var(--h2_typography-font-style);--awb-caption-title-size:var(--h2_typography-font-size);--awb-caption-title-transform:var(--h2_typography-text-transform);--awb-caption-title-line-height:var(--h2_typography-line-height);--awb-caption-title-letter-spacing:var(--h2_typography-letter-spacing);\"><span class=\" fusion-imageframe imageframe-none imageframe-11 hover-type-none\"><img decoding=\"async\" width=\"1024\" height=\"688\" alt=\"Pinturas del artista Juanma Noguera\" title=\"Pintures de l&#8217;artista Juanma Noguera\" src=\"https:\/\/claralleal.com\/wp-content\/uploads\/2024\/02\/casa-noguera-galeria-1-1024x688.jpg\" class=\"img-responsive wp-image-10599\" srcset=\"https:\/\/claralleal.com\/wp-content\/uploads\/2024\/02\/casa-noguera-galeria-1-200x134.jpg 200w, https:\/\/claralleal.com\/wp-content\/uploads\/2024\/02\/casa-noguera-galeria-1-400x269.jpg 400w, https:\/\/claralleal.com\/wp-content\/uploads\/2024\/02\/casa-noguera-galeria-1-600x403.jpg 600w, https:\/\/claralleal.com\/wp-content\/uploads\/2024\/02\/casa-noguera-galeria-1-800x538.jpg 800w, https:\/\/claralleal.com\/wp-content\/uploads\/2024\/02\/casa-noguera-galeria-1-1200x807.jpg 1200w, https:\/\/claralleal.com\/wp-content\/uploads\/2024\/02\/casa-noguera-galeria-1.jpg 1400w\" sizes=\"(max-width: 640px) 100vw, 800px\" \/><\/span><\/div><\/div><\/div><div class=\"fusion-layout-column fusion_builder_column fusion-builder-column-24 fusion_builder_column_1_2 1_2 fusion-flex-column\" style=\"--awb-bg-size:cover;--awb-width-large:50%;--awb-margin-top-large:0px;--awb-spacing-right-large:3.84%;--awb-margin-bottom-large:20px;--awb-spacing-left-large:3.84%;--awb-width-medium:50%;--awb-order-medium:0;--awb-spacing-right-medium:3.84%;--awb-spacing-left-medium:3.84%;--awb-width-small:100%;--awb-order-small:0;--awb-spacing-right-small:1.92%;--awb-spacing-left-small:1.92%;\" data-scroll-devices=\"small-visibility,medium-visibility,large-visibility\"><div class=\"fusion-column-wrapper fusion-column-has-shadow fusion-flex-justify-content-flex-start fusion-content-layout-column\"><div class=\"fusion-image-element \" style=\"--awb-caption-title-font-family:var(--h2_typography-font-family);--awb-caption-title-font-weight:var(--h2_typography-font-weight);--awb-caption-title-font-style:var(--h2_typography-font-style);--awb-caption-title-size:var(--h2_typography-font-size);--awb-caption-title-transform:var(--h2_typography-text-transform);--awb-caption-title-line-height:var(--h2_typography-line-height);--awb-caption-title-letter-spacing:var(--h2_typography-letter-spacing);\"><span class=\" fusion-imageframe imageframe-none imageframe-12 hover-type-none\"><img decoding=\"async\" width=\"1400\" height=\"877\" alt=\"Sala de estar para ni\u00f1os de la Casa Galer\u00eda de Arte del escultor Juanma Noguera\" title=\"Sala d&#8217;estar per a nens de la Casa Galeria d&#8217;Art de l&#8217;escultor Juanma Noguera\" src=\"https:\/\/claralleal.com\/wp-content\/uploads\/2024\/02\/casa-noguera-zona-infantil-1.jpg\" class=\"img-responsive wp-image-10601\" srcset=\"https:\/\/claralleal.com\/wp-content\/uploads\/2024\/02\/casa-noguera-zona-infantil-1-200x125.jpg 200w, https:\/\/claralleal.com\/wp-content\/uploads\/2024\/02\/casa-noguera-zona-infantil-1-400x251.jpg 400w, https:\/\/claralleal.com\/wp-content\/uploads\/2024\/02\/casa-noguera-zona-infantil-1-600x376.jpg 600w, https:\/\/claralleal.com\/wp-content\/uploads\/2024\/02\/casa-noguera-zona-infantil-1-800x501.jpg 800w, https:\/\/claralleal.com\/wp-content\/uploads\/2024\/02\/casa-noguera-zona-infantil-1-1200x752.jpg 1200w, https:\/\/claralleal.com\/wp-content\/uploads\/2024\/02\/casa-noguera-zona-infantil-1.jpg 1400w\" sizes=\"(max-width: 640px) 100vw, 800px\" \/><\/span><\/div><\/div><\/div><\/div><\/div><div class=\"fusion-fullwidth fullwidth-box fusion-builder-row-13 fusion-flex-container has-pattern-background has-mask-background nonhundred-percent-fullwidth non-hundred-percent-height-scrolling\" style=\"--awb-border-radius-top-left:0px;--awb-border-radius-top-right:0px;--awb-border-radius-bottom-right:0px;--awb-border-radius-bottom-left:0px;--awb-flex-wrap:wrap;\" ><div class=\"fusion-builder-row fusion-row fusion-flex-align-items-flex-start fusion-flex-content-wrap\" style=\"max-width:1352px;margin-left: calc(-4% \/ 2 );margin-right: calc(-4% \/ 2 );\"><div class=\"fusion-layout-column fusion_builder_column fusion-builder-column-25 fusion_builder_column_1_2 1_2 fusion-flex-column\" style=\"--awb-bg-size:cover;--awb-width-large:50%;--awb-margin-top-large:30px;--awb-spacing-right-large:3.84%;--awb-margin-bottom-large:20px;--awb-spacing-left-large:3.84%;--awb-width-medium:50%;--awb-order-medium:0;--awb-spacing-right-medium:3.84%;--awb-spacing-left-medium:3.84%;--awb-width-small:100%;--awb-order-small:0;--awb-spacing-right-small:1.92%;--awb-spacing-left-small:1.92%;\" data-scroll-devices=\"small-visibility,medium-visibility,large-visibility\"><div class=\"fusion-column-wrapper fusion-column-has-shadow fusion-flex-justify-content-flex-start fusion-content-layout-column\"><div class=\"fusion-text fusion-text-11\"><h2>Premis i reconeixements internacionals del projecte Casa Galeria d&#8217;Art<\/h2>\n<\/div><\/div><\/div><div class=\"fusion-layout-column fusion_builder_column fusion-builder-column-26 fusion_builder_column_1_2 1_2 fusion-flex-column\" style=\"--awb-bg-size:cover;--awb-width-large:50%;--awb-margin-top-large:30px;--awb-spacing-right-large:3.84%;--awb-margin-bottom-large:20px;--awb-spacing-left-large:3.84%;--awb-width-medium:50%;--awb-order-medium:0;--awb-spacing-right-medium:3.84%;--awb-spacing-left-medium:3.84%;--awb-width-small:100%;--awb-order-small:0;--awb-spacing-right-small:1.92%;--awb-spacing-left-small:1.92%;\" data-scroll-devices=\"small-visibility,medium-visibility,large-visibility\"><div class=\"fusion-column-wrapper fusion-column-has-shadow fusion-flex-justify-content-flex-start fusion-content-layout-column\"><div class=\"fusion-text fusion-text-12\"><p>Aquest projecte ha rebut importants premis d\u2019interiorisme: Special Mention 2023 als German Design | Architecture MasterPrize (Best of the Best 2023), <strong>Premi Overall Winner \u2013 SBID Design Awards<\/strong> 2022 | <strong>Archilovers Best Project<\/strong> 2022 | <strong>IDA Design Awards<\/strong> 2022.<\/p>\n<\/div><\/div><\/div><\/div><\/div><div class=\"fusion-fullwidth fullwidth-box fusion-builder-row-14 fusion-flex-container has-pattern-background has-mask-background nonhundred-percent-fullwidth non-hundred-percent-height-scrolling\" style=\"--awb-border-radius-top-left:0px;--awb-border-radius-top-right:0px;--awb-border-radius-bottom-right:0px;--awb-border-radius-bottom-left:0px;--awb-margin-top:50px;--awb-margin-bottom:50px;--awb-flex-wrap:wrap;\" ><div class=\"fusion-builder-row fusion-row fusion-flex-align-items-flex-start fusion-flex-content-wrap\" style=\"max-width:1352px;margin-left: calc(-4% \/ 2 );margin-right: calc(-4% \/ 2 );\"><div class=\"fusion-layout-column fusion_builder_column fusion-builder-column-27 fusion_builder_column_1_2 1_2 fusion-flex-column\" style=\"--awb-bg-size:cover;--awb-width-large:50%;--awb-margin-top-large:0px;--awb-spacing-right-large:3.84%;--awb-margin-bottom-large:20px;--awb-spacing-left-large:3.84%;--awb-width-medium:50%;--awb-order-medium:0;--awb-spacing-right-medium:3.84%;--awb-spacing-left-medium:3.84%;--awb-width-small:100%;--awb-order-small:0;--awb-spacing-right-small:1.92%;--awb-spacing-left-small:1.92%;\"><div class=\"fusion-column-wrapper fusion-column-has-shadow fusion-flex-justify-content-flex-start fusion-content-layout-column\"><div class=\"fusion-text fusion-text-13 texto-negro\" id=\"texto-negro\"><p><strong>T&#8217;ha agradat aquest projecte?<\/strong><\/p>\n<\/div><div class=\"fusion-title title fusion-title-2 fusion-sep-none fusion-title-text fusion-title-size-two\" style=\"--awb-margin-top-small:10px;--awb-margin-right-small:0px;--awb-margin-bottom-small:10px;--awb-margin-left-small:0px;\"><h2 class=\"fusion-title-heading title-heading-left\" style=\"margin:0;\">Explica&#8217;ns qu\u00e8 podem fer junts<\/h2><\/div><\/div><\/div><div class=\"fusion-layout-column fusion_builder_column fusion-builder-column-28 fusion_builder_column_1_2 1_2 fusion-flex-column fusion-no-small-visibility\" style=\"--awb-bg-size:cover;--awb-width-large:50%;--awb-margin-top-large:0px;--awb-spacing-right-large:3.84%;--awb-margin-bottom-large:20px;--awb-spacing-left-large:3.84%;--awb-width-medium:50%;--awb-order-medium:0;--awb-spacing-right-medium:3.84%;--awb-spacing-left-medium:3.84%;--awb-width-small:100%;--awb-order-small:0;--awb-spacing-right-small:1.92%;--awb-spacing-left-small:1.92%;\" data-scroll-devices=\"small-visibility,medium-visibility,large-visibility\"><div class=\"fusion-column-wrapper fusion-column-has-shadow fusion-flex-justify-content-flex-start fusion-content-layout-column\"><div class=\"fusion-separator fusion-full-width-sep\" style=\"align-self: flex-end;margin-left:auto;margin-top:100px;width:100%;\"><div class=\"fusion-separator-border sep-single sep-solid\" style=\"--awb-height:20px;--awb-amount:20px;--awb-sep-color:#000000;border-color:#000000;border-top-width:1px;\"><\/div><\/div><\/div><\/div><div class=\"fusion-layout-column fusion_builder_column fusion-builder-column-29 fusion_builder_column_1_3 1_3 fusion-flex-column\" style=\"--awb-bg-image:url(&#039;https:\/\/claralleal.com\/wp-content\/uploads\/2024\/02\/clara-lleal-formulario.webp&#039;);--awb-bg-size:cover;--awb-width-large:33.333333333333%;--awb-margin-top-large:0px;--awb-spacing-right-large:5.76%;--awb-margin-bottom-large:20px;--awb-spacing-left-large:5.76%;--awb-width-medium:33.333333333333%;--awb-order-medium:0;--awb-spacing-right-medium:5.76%;--awb-spacing-left-medium:5.76%;--awb-width-small:100%;--awb-order-small:0;--awb-spacing-right-small:1.92%;--awb-spacing-left-small:1.92%;\" data-scroll-devices=\"small-visibility,medium-visibility,large-visibility\"><div class=\"fusion-column-wrapper fusion-column-has-shadow fusion-flex-justify-content-flex-start fusion-content-layout-column fusion-column-has-bg-image\" data-bg-url=\"https:\/\/claralleal.com\/wp-content\/uploads\/2024\/02\/clara-lleal-formulario.webp\"><div class=\"fusion-image-element \" style=\"--awb-caption-title-font-family:var(--h2_typography-font-family);--awb-caption-title-font-weight:var(--h2_typography-font-weight);--awb-caption-title-font-style:var(--h2_typography-font-style);--awb-caption-title-size:var(--h2_typography-font-size);--awb-caption-title-transform:var(--h2_typography-text-transform);--awb-caption-title-line-height:var(--h2_typography-line-height);--awb-caption-title-letter-spacing:var(--h2_typography-letter-spacing);\"><span class=\" fusion-imageframe imageframe-none imageframe-13 hover-type-none\"><img decoding=\"async\" width=\"1000\" height=\"1243\" alt=\"Clara Lleal Barcelona\" title=\"Clara Lleal Barcelona\" src=\"https:\/\/claralleal.com\/wp-content\/uploads\/2024\/02\/clara-lleal-formulario.webp\" class=\"img-responsive wp-image-10352\" srcset=\"https:\/\/claralleal.com\/wp-content\/uploads\/2024\/02\/clara-lleal-formulario-200x249.webp 200w, https:\/\/claralleal.com\/wp-content\/uploads\/2024\/02\/clara-lleal-formulario-400x497.webp 400w, https:\/\/claralleal.com\/wp-content\/uploads\/2024\/02\/clara-lleal-formulario-600x746.webp 600w, https:\/\/claralleal.com\/wp-content\/uploads\/2024\/02\/clara-lleal-formulario-800x994.webp 800w, https:\/\/claralleal.com\/wp-content\/uploads\/2024\/02\/clara-lleal-formulario.webp 1000w\" sizes=\"(max-width: 640px) 100vw, 400px\" \/><\/span><\/div><\/div><\/div><div class=\"fusion-layout-column fusion_builder_column fusion-builder-column-30 fusion_builder_column_2_3 2_3 fusion-flex-column\" style=\"--awb-bg-size:cover;--awb-width-large:66.666666666667%;--awb-margin-top-large:0px;--awb-spacing-right-large:2.88%;--awb-margin-bottom-large:20px;--awb-spacing-left-large:2.88%;--awb-width-medium:66.666666666667%;--awb-order-medium:0;--awb-spacing-right-medium:2.88%;--awb-spacing-left-medium:2.88%;--awb-width-small:100%;--awb-order-small:0;--awb-spacing-right-small:1.92%;--awb-spacing-left-small:1.92%;\"><div class=\"fusion-column-wrapper fusion-column-has-shadow fusion-flex-justify-content-flex-start fusion-content-layout-column\">\n<div class=\"wpcf7 no-js\" id=\"wpcf7-f10469-o1\" lang=\"es-ES\" dir=\"ltr\" data-wpcf7-id=\"10469\">\n<div class=\"screen-reader-response\"><p role=\"status\" aria-live=\"polite\" aria-atomic=\"true\"><\/p> <ul><\/ul><\/div>\n<form action=\"\/ca\/wp-json\/wp\/v2\/posts\/10571\/#wpcf7-f10469-o1\" method=\"post\" class=\"wpcf7-form init wpcf7-acceptance-as-validation\" aria-label=\"Formulario de contacto\" novalidate=\"novalidate\" data-status=\"init\">\n<fieldset class=\"hidden-fields-container\"><input type=\"hidden\" name=\"_wpcf7\" value=\"10469\" \/><input type=\"hidden\" name=\"_wpcf7_version\" value=\"6.1.5\" \/><input type=\"hidden\" name=\"_wpcf7_locale\" value=\"es_ES\" \/><input type=\"hidden\" name=\"_wpcf7_unit_tag\" value=\"wpcf7-f10469-o1\" \/><input type=\"hidden\" name=\"_wpcf7_container_post\" value=\"0\" \/><input type=\"hidden\" name=\"_wpcf7_posted_data_hash\" value=\"\" \/><input type=\"hidden\" name=\"_wpcf7_recaptcha_response\" value=\"\" \/>\n<\/fieldset>\n<div class=\"formulario-ppal\">\n\t<div class=\"formulario-ppal-row-1\">\n\t\t<div>\n\t\t\t<p><label class=\"label-nobre\">Nom*<br \/>\n<span class=\"wpcf7-form-control-wrap\" data-name=\"your-name\"><input size=\"40\" maxlength=\"400\" class=\"wpcf7-form-control wpcf7-text wpcf7-validates-as-required\" aria-required=\"true\" aria-invalid=\"false\" value=\"\" type=\"text\" name=\"your-name\" \/><\/span><\/label>\n\t\t\t<\/p>\n\t\t<\/div>\n\t\t<div>\n\t\t\t<p><label class=\"label-email\">Email*<br \/>\n<span class=\"wpcf7-form-control-wrap\" data-name=\"email\"><input size=\"40\" maxlength=\"400\" class=\"wpcf7-form-control wpcf7-email wpcf7-validates-as-required wpcf7-text wpcf7-validates-as-email\" aria-required=\"true\" aria-invalid=\"false\" value=\"\" type=\"email\" name=\"email\" \/><\/span><\/label>\n\t\t\t<\/p>\n\t\t<\/div>\n\t<\/div>\n\t<div class=\"formulario-ppal-row-2\">\n\t\t<p><label class=\"label-textarea\">Missatge <span class=\"wpcf7-form-control-wrap\" data-name=\"your-message\"><textarea cols=\"40\" rows=\"10\" maxlength=\"2000\" class=\"wpcf7-form-control wpcf7-textarea\" aria-invalid=\"false\" name=\"your-message\"><\/textarea><\/span><\/label>\n\t\t<\/p>\n\t<\/div>\n\t<div class=\"formulario-ppal-row-3\">\n\t\t<p><span class=\"wpcf7-form-control-wrap\" data-name=\"acceptance-982\"><span class=\"wpcf7-form-control wpcf7-acceptance\"><span class=\"wpcf7-list-item\"><label><input type=\"checkbox\" name=\"acceptance-982\" value=\"1\" aria-invalid=\"false\" \/><span class=\"wpcf7-list-item-label\">He llegit i accepto la <a href=\"\/politica-de-privacidad\/\" class=\"link-form-politica\">pol\u00edtica de privacitat<\/a><\/span><\/label><\/span><\/span><\/span>\n\t\t<\/p>\n\t<\/div>\n\t<div class=\"formulario-ppal-row-4\">\n\t\t<div>\n\t\t\t<div class=\"formulario-texto-legal\">\n\t\t\t\t<p>Responsable: Clara Lleal Finalitat: gestionar la sol\u00b7licitud en aquest formulari i si, finalment ets client, remetre informaci\u00f3 sobre l'estat del servei contractat i comunicacions sobre l'empresa. Legitimaci\u00f3: consentiment de l'interessat. Drets: Podr\u00e0s exercir els teus drets d'acc\u00e9s, rectificaci\u00f3, limitaci\u00f3 i suprimir les dades en <a href=\"mailto:hola@claralleal.com\">hola@claralleal.com<\/a> aix\u00ed com el dret a presentar una reclamaci\u00f3 davant una autoritat de control. Informaci\u00f3 addicional: aqu\u00ed, trobar\u00e0s informaci\u00f3 addicional sobre la recopilaci\u00f3 i l'\u00fas de la seva informaci\u00f3 personal, inclosa informaci\u00f3 sobre acc\u00e9s, conservaci\u00f3, rectificaci\u00f3, eliminaci\u00f3, seguretat, i altres temes.\n\t\t\t\t<\/p>\n\t\t\t<\/div>\n\t\t<\/div>\n\t\t<div>\n\t\t\t<p><input class=\"wpcf7-form-control wpcf7-submit has-spinner custom-button-blue\" type=\"submit\" value=\"Enviar\" \/>\n\t\t\t<\/p>\n\t\t<\/div>\n\t<\/div>\n<\/div><div class=\"fusion-alert alert custom alert-custom fusion-alert-center wpcf7-response-output awb-alert-native-link-color alert-dismissable awb-alert-close-boxed\" style=\"--awb-border-size:1px;--awb-border-top-left-radius:0px;--awb-border-top-right-radius:0px;--awb-border-bottom-left-radius:0px;--awb-border-bottom-right-radius:0px;\" role=\"alert\"><div class=\"fusion-alert-content-wrapper\"><span class=\"fusion-alert-content\"><\/span><\/div><button type=\"button\" class=\"close toggle-alert\" data-dismiss=\"alert\" aria-label=\"Close\">&times;<\/button><\/div>\n<\/form>\n<\/div>\n<\/div><\/div><\/div><\/div><\/p>\n","protected":false},"excerpt":{"rendered":"","protected":false},"author":2,"featured_media":10576,"comment_status":"closed","ping_status":"closed","sticky":false,"template":"","format":"standard","meta":{"footnotes":""},"categories":[101],"tags":[],"class_list":["post-10571","post","type-post","status-publish","format-standard","has-post-thumbnail","hentry","category-projecte"],"yoast_head":"<!-- This site is optimized with the Yoast SEO plugin v27.4 - https:\/\/yoast.com\/product\/yoast-seo-wordpress\/ -->\n<title>Projecte d\u2019habitatge Casa Galeria d\u2019Art | Clara Lleal Interiorisme<\/title>\n<meta name=\"description\" content=\"Descobreix el projecte \u201cCasa Galeria d\u2019Art\u201d, guanyador del premi SBID Design Awards 2022 i amb menci\u00f3 especial \u201cBest of the Best\u201d als Architecture MasterPrize 2023.\" \/>\n<meta name=\"robots\" content=\"index, follow, max-snippet:-1, max-image-preview:large, max-video-preview:-1\" \/>\n<link rel=\"canonical\" href=\"https:\/\/claralleal.com\/ca\/projecte-casa-galeria-art\/\" \/>\n<meta property=\"og:locale\" content=\"ca_ES\" \/>\n<meta property=\"og:type\" content=\"article\" \/>\n<meta property=\"og:title\" content=\"Projecte d\u2019habitatge Casa Galeria d\u2019Art | Clara Lleal Interiorisme\" \/>\n<meta property=\"og:description\" content=\"Descobreix el projecte \u201cCasa Galeria d\u2019Art\u201d, guanyador del premi SBID Design Awards 2022 i amb menci\u00f3 especial \u201cBest of the Best\u201d als Architecture MasterPrize 2023.\" \/>\n<meta property=\"og:url\" content=\"https:\/\/claralleal.com\/ca\/projecte-casa-galeria-art\/\" \/>\n<meta property=\"og:site_name\" content=\"Clara Lleal Interiorista\" \/>\n<meta property=\"article:published_time\" content=\"2024-02-01T11:40:43+00:00\" \/>\n<meta property=\"article:modified_time\" content=\"2026-04-10T11:14:44+00:00\" \/>\n<meta property=\"og:image\" content=\"https:\/\/claralleal.com\/wp-content\/uploads\/2024\/02\/casa-noguera-comedor-1.jpg\" \/>\n\t<meta property=\"og:image:width\" content=\"1920\" \/>\n\t<meta property=\"og:image:height\" content=\"1249\" \/>\n\t<meta property=\"og:image:type\" content=\"image\/jpeg\" \/>\n<meta name=\"author\" content=\"adminARALC\" \/>\n<script type=\"application\/ld+json\" class=\"yoast-schema-graph\">{\"@context\":\"https:\\\/\\\/schema.org\",\"@graph\":[{\"@type\":\"Article\",\"@id\":\"https:\\\/\\\/claralleal.com\\\/ca\\\/projecte-casa-galeria-art\\\/#article\",\"isPartOf\":{\"@id\":\"https:\\\/\\\/claralleal.com\\\/ca\\\/projecte-casa-galeria-art\\\/\"},\"author\":{\"name\":\"adminARALC\",\"@id\":\"https:\\\/\\\/claralleal.com\\\/ca\\\/#\\\/schema\\\/person\\\/7a2b072ecf8d03512399050b876aa51e\"},\"headline\":\"Disseny d&#8217;una Casa Galeria d&#8217;Art\",\"datePublished\":\"2024-02-01T11:40:43+00:00\",\"dateModified\":\"2026-04-10T11:14:44+00:00\",\"mainEntityOfPage\":{\"@id\":\"https:\\\/\\\/claralleal.com\\\/ca\\\/projecte-casa-galeria-art\\\/\"},\"wordCount\":30403,\"publisher\":{\"@id\":\"https:\\\/\\\/claralleal.com\\\/ca\\\/#organization\"},\"image\":{\"@id\":\"https:\\\/\\\/claralleal.com\\\/ca\\\/projecte-casa-galeria-art\\\/#primaryimage\"},\"thumbnailUrl\":\"https:\\\/\\\/claralleal.com\\\/wp-content\\\/uploads\\\/2024\\\/02\\\/casa-noguera-comedor-1.jpg\",\"articleSection\":[\"Projecte\"],\"inLanguage\":\"ca\"},{\"@type\":\"WebPage\",\"@id\":\"https:\\\/\\\/claralleal.com\\\/ca\\\/projecte-casa-galeria-art\\\/\",\"url\":\"https:\\\/\\\/claralleal.com\\\/ca\\\/projecte-casa-galeria-art\\\/\",\"name\":\"Projecte d\u2019habitatge Casa Galeria d\u2019Art | Clara Lleal Interiorisme\",\"isPartOf\":{\"@id\":\"https:\\\/\\\/claralleal.com\\\/ca\\\/#website\"},\"primaryImageOfPage\":{\"@id\":\"https:\\\/\\\/claralleal.com\\\/ca\\\/projecte-casa-galeria-art\\\/#primaryimage\"},\"image\":{\"@id\":\"https:\\\/\\\/claralleal.com\\\/ca\\\/projecte-casa-galeria-art\\\/#primaryimage\"},\"thumbnailUrl\":\"https:\\\/\\\/claralleal.com\\\/wp-content\\\/uploads\\\/2024\\\/02\\\/casa-noguera-comedor-1.jpg\",\"datePublished\":\"2024-02-01T11:40:43+00:00\",\"dateModified\":\"2026-04-10T11:14:44+00:00\",\"description\":\"Descobreix el projecte \u201cCasa Galeria d\u2019Art\u201d, guanyador del premi SBID Design Awards 2022 i amb menci\u00f3 especial \u201cBest of the Best\u201d als Architecture MasterPrize 2023.\",\"breadcrumb\":{\"@id\":\"https:\\\/\\\/claralleal.com\\\/ca\\\/projecte-casa-galeria-art\\\/#breadcrumb\"},\"inLanguage\":\"ca\",\"potentialAction\":[{\"@type\":\"ReadAction\",\"target\":[\"https:\\\/\\\/claralleal.com\\\/ca\\\/projecte-casa-galeria-art\\\/\"]}]},{\"@type\":\"ImageObject\",\"inLanguage\":\"ca\",\"@id\":\"https:\\\/\\\/claralleal.com\\\/ca\\\/projecte-casa-galeria-art\\\/#primaryimage\",\"url\":\"https:\\\/\\\/claralleal.com\\\/wp-content\\\/uploads\\\/2024\\\/02\\\/casa-noguera-comedor-1.jpg\",\"contentUrl\":\"https:\\\/\\\/claralleal.com\\\/wp-content\\\/uploads\\\/2024\\\/02\\\/casa-noguera-comedor-1.jpg\",\"width\":1920,\"height\":1249,\"caption\":\"Menjador de la Casa Galeria d'Art de l'escultor Juanma Noguera\"},{\"@type\":\"BreadcrumbList\",\"@id\":\"https:\\\/\\\/claralleal.com\\\/ca\\\/projecte-casa-galeria-art\\\/#breadcrumb\",\"itemListElement\":[{\"@type\":\"ListItem\",\"position\":1,\"name\":\"Portada\",\"item\":\"https:\\\/\\\/claralleal.com\\\/ca\\\/\"},{\"@type\":\"ListItem\",\"position\":2,\"name\":\"Disseny d&#8217;una Casa Galeria d&#8217;Art\"}]},{\"@type\":\"WebSite\",\"@id\":\"https:\\\/\\\/claralleal.com\\\/ca\\\/#website\",\"url\":\"https:\\\/\\\/claralleal.com\\\/ca\\\/\",\"name\":\"Clara Lleal Interiorista\",\"description\":\"Estudio de Interiorismo en Barcelona, Badalona y Maresme\",\"publisher\":{\"@id\":\"https:\\\/\\\/claralleal.com\\\/ca\\\/#organization\"},\"potentialAction\":[{\"@type\":\"SearchAction\",\"target\":{\"@type\":\"EntryPoint\",\"urlTemplate\":\"https:\\\/\\\/claralleal.com\\\/ca\\\/?s={search_term_string}\"},\"query-input\":{\"@type\":\"PropertyValueSpecification\",\"valueRequired\":true,\"valueName\":\"search_term_string\"}}],\"inLanguage\":\"ca\"},{\"@type\":\"Organization\",\"@id\":\"https:\\\/\\\/claralleal.com\\\/ca\\\/#organization\",\"name\":\"Clara Lleal Interiorista\",\"url\":\"https:\\\/\\\/claralleal.com\\\/ca\\\/\",\"logo\":{\"@type\":\"ImageObject\",\"inLanguage\":\"ca\",\"@id\":\"https:\\\/\\\/claralleal.com\\\/ca\\\/#\\\/schema\\\/logo\\\/image\\\/\",\"url\":\"https:\\\/\\\/claralleal.com\\\/wp-content\\\/uploads\\\/2023\\\/04\\\/cropped-favicon-1.jpg\",\"contentUrl\":\"https:\\\/\\\/claralleal.com\\\/wp-content\\\/uploads\\\/2023\\\/04\\\/cropped-favicon-1.jpg\",\"width\":40,\"height\":40,\"caption\":\"Clara Lleal Interiorista \"},\"image\":{\"@id\":\"https:\\\/\\\/claralleal.com\\\/ca\\\/#\\\/schema\\\/logo\\\/image\\\/\"}},{\"@type\":\"Person\",\"@id\":\"https:\\\/\\\/claralleal.com\\\/ca\\\/#\\\/schema\\\/person\\\/7a2b072ecf8d03512399050b876aa51e\",\"name\":\"adminARALC\"}]}<\/script>\n<!-- \/ Yoast SEO plugin. -->","yoast_head_json":{"title":"Projecte d\u2019habitatge Casa Galeria d\u2019Art | Clara Lleal Interiorisme","description":"Descobreix el projecte \u201cCasa Galeria d\u2019Art\u201d, guanyador del premi SBID Design Awards 2022 i amb menci\u00f3 especial \u201cBest of the Best\u201d als Architecture MasterPrize 2023.","robots":{"index":"index","follow":"follow","max-snippet":"max-snippet:-1","max-image-preview":"max-image-preview:large","max-video-preview":"max-video-preview:-1"},"canonical":"https:\/\/claralleal.com\/ca\/projecte-casa-galeria-art\/","og_locale":"ca_ES","og_type":"article","og_title":"Projecte d\u2019habitatge Casa Galeria d\u2019Art | Clara Lleal Interiorisme","og_description":"Descobreix el projecte \u201cCasa Galeria d\u2019Art\u201d, guanyador del premi SBID Design Awards 2022 i amb menci\u00f3 especial \u201cBest of the Best\u201d als Architecture MasterPrize 2023.","og_url":"https:\/\/claralleal.com\/ca\/projecte-casa-galeria-art\/","og_site_name":"Clara Lleal Interiorista","article_published_time":"2024-02-01T11:40:43+00:00","article_modified_time":"2026-04-10T11:14:44+00:00","og_image":[{"width":1920,"height":1249,"url":"https:\/\/claralleal.com\/wp-content\/uploads\/2024\/02\/casa-noguera-comedor-1.jpg","type":"image\/jpeg"}],"author":"adminARALC","schema":{"@context":"https:\/\/schema.org","@graph":[{"@type":"Article","@id":"https:\/\/claralleal.com\/ca\/projecte-casa-galeria-art\/#article","isPartOf":{"@id":"https:\/\/claralleal.com\/ca\/projecte-casa-galeria-art\/"},"author":{"name":"adminARALC","@id":"https:\/\/claralleal.com\/ca\/#\/schema\/person\/7a2b072ecf8d03512399050b876aa51e"},"headline":"Disseny d&#8217;una Casa Galeria d&#8217;Art","datePublished":"2024-02-01T11:40:43+00:00","dateModified":"2026-04-10T11:14:44+00:00","mainEntityOfPage":{"@id":"https:\/\/claralleal.com\/ca\/projecte-casa-galeria-art\/"},"wordCount":30403,"publisher":{"@id":"https:\/\/claralleal.com\/ca\/#organization"},"image":{"@id":"https:\/\/claralleal.com\/ca\/projecte-casa-galeria-art\/#primaryimage"},"thumbnailUrl":"https:\/\/claralleal.com\/wp-content\/uploads\/2024\/02\/casa-noguera-comedor-1.jpg","articleSection":["Projecte"],"inLanguage":"ca"},{"@type":"WebPage","@id":"https:\/\/claralleal.com\/ca\/projecte-casa-galeria-art\/","url":"https:\/\/claralleal.com\/ca\/projecte-casa-galeria-art\/","name":"Projecte d\u2019habitatge Casa Galeria d\u2019Art | Clara Lleal Interiorisme","isPartOf":{"@id":"https:\/\/claralleal.com\/ca\/#website"},"primaryImageOfPage":{"@id":"https:\/\/claralleal.com\/ca\/projecte-casa-galeria-art\/#primaryimage"},"image":{"@id":"https:\/\/claralleal.com\/ca\/projecte-casa-galeria-art\/#primaryimage"},"thumbnailUrl":"https:\/\/claralleal.com\/wp-content\/uploads\/2024\/02\/casa-noguera-comedor-1.jpg","datePublished":"2024-02-01T11:40:43+00:00","dateModified":"2026-04-10T11:14:44+00:00","description":"Descobreix el projecte \u201cCasa Galeria d\u2019Art\u201d, guanyador del premi SBID Design Awards 2022 i amb menci\u00f3 especial \u201cBest of the Best\u201d als Architecture MasterPrize 2023.","breadcrumb":{"@id":"https:\/\/claralleal.com\/ca\/projecte-casa-galeria-art\/#breadcrumb"},"inLanguage":"ca","potentialAction":[{"@type":"ReadAction","target":["https:\/\/claralleal.com\/ca\/projecte-casa-galeria-art\/"]}]},{"@type":"ImageObject","inLanguage":"ca","@id":"https:\/\/claralleal.com\/ca\/projecte-casa-galeria-art\/#primaryimage","url":"https:\/\/claralleal.com\/wp-content\/uploads\/2024\/02\/casa-noguera-comedor-1.jpg","contentUrl":"https:\/\/claralleal.com\/wp-content\/uploads\/2024\/02\/casa-noguera-comedor-1.jpg","width":1920,"height":1249,"caption":"Menjador de la Casa Galeria d'Art de l'escultor Juanma Noguera"},{"@type":"BreadcrumbList","@id":"https:\/\/claralleal.com\/ca\/projecte-casa-galeria-art\/#breadcrumb","itemListElement":[{"@type":"ListItem","position":1,"name":"Portada","item":"https:\/\/claralleal.com\/ca\/"},{"@type":"ListItem","position":2,"name":"Disseny d&#8217;una Casa Galeria d&#8217;Art"}]},{"@type":"WebSite","@id":"https:\/\/claralleal.com\/ca\/#website","url":"https:\/\/claralleal.com\/ca\/","name":"Clara Lleal Interiorista","description":"Estudio de Interiorismo en Barcelona, Badalona y Maresme","publisher":{"@id":"https:\/\/claralleal.com\/ca\/#organization"},"potentialAction":[{"@type":"SearchAction","target":{"@type":"EntryPoint","urlTemplate":"https:\/\/claralleal.com\/ca\/?s={search_term_string}"},"query-input":{"@type":"PropertyValueSpecification","valueRequired":true,"valueName":"search_term_string"}}],"inLanguage":"ca"},{"@type":"Organization","@id":"https:\/\/claralleal.com\/ca\/#organization","name":"Clara Lleal Interiorista","url":"https:\/\/claralleal.com\/ca\/","logo":{"@type":"ImageObject","inLanguage":"ca","@id":"https:\/\/claralleal.com\/ca\/#\/schema\/logo\/image\/","url":"https:\/\/claralleal.com\/wp-content\/uploads\/2023\/04\/cropped-favicon-1.jpg","contentUrl":"https:\/\/claralleal.com\/wp-content\/uploads\/2023\/04\/cropped-favicon-1.jpg","width":40,"height":40,"caption":"Clara Lleal Interiorista "},"image":{"@id":"https:\/\/claralleal.com\/ca\/#\/schema\/logo\/image\/"}},{"@type":"Person","@id":"https:\/\/claralleal.com\/ca\/#\/schema\/person\/7a2b072ecf8d03512399050b876aa51e","name":"adminARALC"}]}},"_links":{"self":[{"href":"https:\/\/claralleal.com\/ca\/wp-json\/wp\/v2\/posts\/10571","targetHints":{"allow":["GET"]}}],"collection":[{"href":"https:\/\/claralleal.com\/ca\/wp-json\/wp\/v2\/posts"}],"about":[{"href":"https:\/\/claralleal.com\/ca\/wp-json\/wp\/v2\/types\/post"}],"author":[{"embeddable":true,"href":"https:\/\/claralleal.com\/ca\/wp-json\/wp\/v2\/users\/2"}],"replies":[{"embeddable":true,"href":"https:\/\/claralleal.com\/ca\/wp-json\/wp\/v2\/comments?post=10571"}],"version-history":[{"count":14,"href":"https:\/\/claralleal.com\/ca\/wp-json\/wp\/v2\/posts\/10571\/revisions"}],"predecessor-version":[{"id":10757,"href":"https:\/\/claralleal.com\/ca\/wp-json\/wp\/v2\/posts\/10571\/revisions\/10757"}],"wp:featuredmedia":[{"embeddable":true,"href":"https:\/\/claralleal.com\/ca\/wp-json\/wp\/v2\/media\/10576"}],"wp:attachment":[{"href":"https:\/\/claralleal.com\/ca\/wp-json\/wp\/v2\/media?parent=10571"}],"wp:term":[{"taxonomy":"category","embeddable":true,"href":"https:\/\/claralleal.com\/ca\/wp-json\/wp\/v2\/categories?post=10571"},{"taxonomy":"post_tag","embeddable":true,"href":"https:\/\/claralleal.com\/ca\/wp-json\/wp\/v2\/tags?post=10571"}],"curies":[{"name":"wp","href":"https:\/\/api.w.org\/{rel}","templated":true}]}}