{"id":10616,"date":"2024-01-31T16:54:03","date_gmt":"2024-01-31T15:54:03","guid":{"rendered":"https:\/\/claralleal.com\/?p=10616"},"modified":"2026-04-13T13:55:23","modified_gmt":"2026-04-13T11:55:23","slug":"projecte-reforma-barcelona","status":"publish","type":"post","link":"https:\/\/claralleal.com\/ca\/projecte-reforma-barcelona\/","title":{"rendered":"Reforma d\u2019un pis a Barcelona on la llum \u00e9s la gran protagonista"},"content":{"rendered":"<p><div class=\"fusion-fullwidth fullwidth-box fusion-builder-row-1 fusion-flex-container has-pattern-background has-mask-background nonhundred-percent-fullwidth non-hundred-percent-height-scrolling\" style=\"--awb-border-radius-top-left:0px;--awb-border-radius-top-right:0px;--awb-border-radius-bottom-right:0px;--awb-border-radius-bottom-left:0px;--awb-flex-wrap:wrap;\" ><div class=\"fusion-builder-row fusion-row fusion-flex-align-items-flex-start fusion-flex-content-wrap\" style=\"max-width:1352px;margin-left: calc(-4% \/ 2 );margin-right: calc(-4% \/ 2 );\"><div class=\"fusion-layout-column fusion_builder_column fusion-builder-column-0 fusion_builder_column_1_1 1_1 fusion-flex-column\" style=\"--awb-bg-size:cover;--awb-width-large:100%;--awb-margin-top-large:0px;--awb-spacing-right-large:1.92%;--awb-margin-bottom-large:20px;--awb-spacing-left-large:1.92%;--awb-width-medium:100%;--awb-order-medium:0;--awb-spacing-right-medium:1.92%;--awb-spacing-left-medium:1.92%;--awb-width-small:100%;--awb-order-small:0;--awb-spacing-right-small:1.92%;--awb-spacing-left-small:1.92%;\"><div class=\"fusion-column-wrapper fusion-column-has-shadow fusion-flex-justify-content-flex-start fusion-content-layout-column\"><div class=\"fusion-title title fusion-title-1 fusion-sep-none fusion-title-text fusion-title-size-one\" style=\"--awb-margin-top-small:10px;--awb-margin-right-small:0px;--awb-margin-bottom-small:10px;--awb-margin-left-small:0px;\"><h1 class=\"fusion-title-heading title-heading-left\" style=\"margin:0;\">Reforma d&#8217;un pis a BCN amb la llum com a protagonista<\/h1><\/div><\/div><\/div><\/div><\/div><div class=\"fusion-fullwidth fullwidth-box fusion-builder-row-2 fusion-flex-container has-pattern-background has-mask-background nonhundred-percent-fullwidth non-hundred-percent-height-scrolling\" style=\"--awb-border-radius-top-left:0px;--awb-border-radius-top-right:0px;--awb-border-radius-bottom-right:0px;--awb-border-radius-bottom-left:0px;--awb-flex-wrap:wrap;\" ><div class=\"fusion-builder-row fusion-row fusion-flex-align-items-flex-start fusion-flex-content-wrap\" style=\"max-width:1352px;margin-left: calc(-4% \/ 2 );margin-right: calc(-4% \/ 2 );\"><div class=\"fusion-layout-column fusion_builder_column fusion-builder-column-1 fusion_builder_column_1_2 1_2 fusion-flex-column fusion-flex-align-self-flex-end\" style=\"--awb-bg-size:cover;--awb-width-large:50%;--awb-margin-top-large:0px;--awb-spacing-right-large:3.84%;--awb-margin-bottom-large:20px;--awb-spacing-left-large:3.84%;--awb-width-medium:50%;--awb-order-medium:0;--awb-spacing-right-medium:3.84%;--awb-spacing-left-medium:3.84%;--awb-width-small:100%;--awb-order-small:0;--awb-spacing-right-small:1.92%;--awb-spacing-left-small:1.92%;\" data-scroll-devices=\"small-visibility,medium-visibility,large-visibility\"><div class=\"fusion-column-wrapper fusion-column-has-shadow fusion-flex-justify-content-flex-start fusion-content-layout-column\"><div class=\"fusion-text fusion-text-1\"><p><strong>Us presentem un projecte d\u2019interiorisme d\u2019un ampli pis de la zona alta de Barcelona<\/strong>, amb la distribuci\u00f3 t\u00edpica que inclou una zona d\u2019aig\u00fces per al servei i materials amb dissenys dels anys seixanta.<\/p>\n<\/div><\/div><\/div><div class=\"fusion-layout-column fusion_builder_column fusion-builder-column-2 fusion_builder_column_1_2 1_2 fusion-flex-column fusion-flex-align-self-flex-end\" style=\"--awb-bg-size:cover;--awb-width-large:50%;--awb-margin-top-large:0px;--awb-spacing-right-large:3.84%;--awb-margin-bottom-large:20px;--awb-spacing-left-large:3.84%;--awb-width-medium:50%;--awb-order-medium:0;--awb-spacing-right-medium:3.84%;--awb-spacing-left-medium:3.84%;--awb-width-small:100%;--awb-order-small:0;--awb-spacing-right-small:1.92%;--awb-spacing-left-small:1.92%;\" data-scroll-devices=\"small-visibility,medium-visibility,large-visibility\"><div class=\"fusion-column-wrapper fusion-column-has-shadow fusion-flex-justify-content-flex-start fusion-content-layout-column\"><div class=\"fusion-text fusion-text-2\"><p>Pel que fa a <strong>l\u2019est\u00e8tica general de l\u2019habitatge, s\u2019ha treballat per aconseguir un resultat acollidor.<\/strong> Els materials utilitzats tamb\u00e9 segueixen aquesta premissa: la fusta, el blanc a les parets i la gamma de grisos fins al negre en el mobiliari i els detalls. El vermell va ser el to escollit per aportar petits punts de color a tot l\u2019habitatge.<\/p>\n<\/div><\/div><\/div><\/div><\/div><div class=\"fusion-fullwidth fullwidth-box fusion-builder-row-3 fusion-flex-container has-pattern-background has-mask-background hundred-percent-fullwidth non-hundred-percent-height-scrolling fusion-animated\" style=\"--awb-border-sizes-left:0;--awb-border-sizes-right:0;--awb-border-radius-top-left:0px;--awb-border-radius-top-right:0px;--awb-border-radius-bottom-right:0px;--awb-border-radius-bottom-left:0px;--awb-flex-wrap:wrap;\" data-animationType=\"slideInUp\" data-animationDuration=\"1.0\" data-animationOffset=\"top-into-view\" ><div class=\"fusion-builder-row fusion-row fusion-flex-align-items-flex-start fusion-flex-justify-content-space-between fusion-flex-content-wrap\" style=\"width:104% !important;max-width:104% !important;margin-left: calc(-4% \/ 2 );margin-right: calc(-4% \/ 2 );\"><div class=\"fusion-layout-column fusion_builder_column fusion-builder-column-3 fusion_builder_column_1_3 1_3 fusion-flex-column\" style=\"--awb-bg-size:cover;--awb-width-large:33.333333333333%;--awb-margin-top-large:0px;--awb-spacing-right-large:5.76%;--awb-margin-bottom-large:20px;--awb-spacing-left-large:5.76%;--awb-width-medium:33.333333333333%;--awb-order-medium:0;--awb-spacing-right-medium:5.76%;--awb-spacing-left-medium:5.76%;--awb-width-small:100%;--awb-order-small:0;--awb-spacing-right-small:1.92%;--awb-spacing-left-small:1.92%;\" data-scroll-devices=\"small-visibility,medium-visibility,large-visibility\"><div class=\"fusion-column-wrapper fusion-column-has-shadow fusion-flex-justify-content-flex-start fusion-content-layout-column\"><div class=\"fusion-image-element \" style=\"--awb-caption-title-font-family:var(--h2_typography-font-family);--awb-caption-title-font-weight:var(--h2_typography-font-weight);--awb-caption-title-font-style:var(--h2_typography-font-style);--awb-caption-title-size:var(--h2_typography-font-size);--awb-caption-title-transform:var(--h2_typography-text-transform);--awb-caption-title-line-height:var(--h2_typography-line-height);--awb-caption-title-letter-spacing:var(--h2_typography-letter-spacing);\"><span class=\" fusion-imageframe imageframe-none imageframe-1 hover-type-none\"><img decoding=\"async\" width=\"800\" height=\"534\" alt=\"Detalle del sof\u00e0\" title=\"Detall del sof\u00e0\" src=\"https:\/\/claralleal.com\/wp-content\/uploads\/2024\/01\/reforma-pis-barcelona-detall-sofa-800x534-1.jpg\" class=\"img-responsive wp-image-10630\" srcset=\"https:\/\/claralleal.com\/wp-content\/uploads\/2024\/01\/reforma-pis-barcelona-detall-sofa-800x534-1-200x134.jpg 200w, https:\/\/claralleal.com\/wp-content\/uploads\/2024\/01\/reforma-pis-barcelona-detall-sofa-800x534-1-400x267.jpg 400w, https:\/\/claralleal.com\/wp-content\/uploads\/2024\/01\/reforma-pis-barcelona-detall-sofa-800x534-1-600x401.jpg 600w, https:\/\/claralleal.com\/wp-content\/uploads\/2024\/01\/reforma-pis-barcelona-detall-sofa-800x534-1.jpg 800w\" sizes=\"(max-width: 640px) 100vw, 400px\" \/><\/span><\/div><\/div><\/div><div class=\"fusion-layout-column fusion_builder_column fusion-builder-column-4 fusion_builder_column_2_3 2_3 fusion-flex-column\" style=\"--awb-bg-size:cover;--awb-width-large:66.666666666667%;--awb-margin-top-large:0px;--awb-spacing-right-large:2.88%;--awb-margin-bottom-large:20px;--awb-spacing-left-large:2.88%;--awb-width-medium:66.666666666667%;--awb-order-medium:0;--awb-spacing-right-medium:2.88%;--awb-spacing-left-medium:2.88%;--awb-width-small:100%;--awb-order-small:0;--awb-spacing-right-small:1.92%;--awb-spacing-left-small:1.92%;\" data-scroll-devices=\"small-visibility,medium-visibility,large-visibility\"><div class=\"fusion-column-wrapper fusion-column-has-shadow fusion-flex-justify-content-space-around fusion-content-layout-column\"><div class=\"fusion-image-element \" style=\"--awb-caption-title-font-family:var(--h2_typography-font-family);--awb-caption-title-font-weight:var(--h2_typography-font-weight);--awb-caption-title-font-style:var(--h2_typography-font-style);--awb-caption-title-size:var(--h2_typography-font-size);--awb-caption-title-transform:var(--h2_typography-text-transform);--awb-caption-title-line-height:var(--h2_typography-line-height);--awb-caption-title-letter-spacing:var(--h2_typography-letter-spacing);\"><span class=\" fusion-imageframe imageframe-none imageframe-2 hover-type-none\"><img decoding=\"async\" width=\"1000\" height=\"667\" alt=\"Vista del cubo de madera\" title=\"Vista del cubo de fusta\" src=\"https:\/\/claralleal.com\/wp-content\/uploads\/2024\/01\/reforma-pis-barcelona-cubo-fusta.jpg\" class=\"img-responsive wp-image-10632\" srcset=\"https:\/\/claralleal.com\/wp-content\/uploads\/2024\/01\/reforma-pis-barcelona-cubo-fusta-200x133.jpg 200w, https:\/\/claralleal.com\/wp-content\/uploads\/2024\/01\/reforma-pis-barcelona-cubo-fusta-400x267.jpg 400w, https:\/\/claralleal.com\/wp-content\/uploads\/2024\/01\/reforma-pis-barcelona-cubo-fusta-600x400.jpg 600w, https:\/\/claralleal.com\/wp-content\/uploads\/2024\/01\/reforma-pis-barcelona-cubo-fusta-800x534.jpg 800w, https:\/\/claralleal.com\/wp-content\/uploads\/2024\/01\/reforma-pis-barcelona-cubo-fusta.jpg 1000w\" sizes=\"(max-width: 640px) 100vw, 1000px\" \/><\/span><\/div><\/div><\/div><\/div><\/div><div class=\"fusion-fullwidth fullwidth-box fusion-builder-row-4 fusion-flex-container has-pattern-background has-mask-background nonhundred-percent-fullwidth non-hundred-percent-height-scrolling\" style=\"--awb-border-radius-top-left:0px;--awb-border-radius-top-right:0px;--awb-border-radius-bottom-right:0px;--awb-border-radius-bottom-left:0px;--awb-flex-wrap:wrap;\" ><div class=\"fusion-builder-row fusion-row fusion-flex-align-items-flex-start fusion-flex-content-wrap\" style=\"max-width:1352px;margin-left: calc(-4% \/ 2 );margin-right: calc(-4% \/ 2 );\"><div class=\"fusion-layout-column fusion_builder_column fusion-builder-column-5 fusion_builder_column_1_1 1_1 fusion-flex-column fusion-flex-align-self-flex-end\" style=\"--awb-bg-size:cover;--awb-width-large:100%;--awb-margin-top-large:0px;--awb-spacing-right-large:1.92%;--awb-margin-bottom-large:20px;--awb-spacing-left-large:1.92%;--awb-width-medium:100%;--awb-order-medium:0;--awb-spacing-right-medium:1.92%;--awb-spacing-left-medium:1.92%;--awb-width-small:100%;--awb-order-small:0;--awb-spacing-right-small:1.92%;--awb-spacing-left-small:1.92%;\" data-scroll-devices=\"small-visibility,medium-visibility,large-visibility\"><div class=\"fusion-column-wrapper fusion-column-has-shadow fusion-flex-justify-content-flex-start fusion-content-layout-column\"><div class=\"fusion-title title fusion-title-2 fusion-sep-none fusion-title-text fusion-title-size-two\" style=\"--awb-margin-top-small:10px;--awb-margin-right-small:0px;--awb-margin-bottom-small:10px;--awb-margin-left-small:0px;\"><h2 class=\"fusion-title-heading title-heading-left\" style=\"margin:0;\">Llum, llum i m\u00e9s llum! Principal objectiu d&#8217;aquest projecte<\/h2><\/div><div class=\"fusion-text fusion-text-3\"><p>El propietari proposa desfer gaireb\u00e9 la totalitat de l\u2019habitatge original i replantejar-lo amb espais m\u00e9s oberts i lluminosos a la zona de dia. <strong>Guanyar llum natural era un dels objectius del projecte, aix\u00ed com l\u2019ordre visual.<\/strong><\/p>\n<p><strong>Es van enderrocar els envans del rebedor i de la cuina, deixant un \u00fanic espai<\/strong> nom\u00e9s delimitat per elements separadors com la fusta a l\u2019entrada. El client tenia clar obrir la cuina al sal\u00f3: <strong>volia una cuina que es convert\u00eds en un espai m\u00e9s sociable i funcional.<\/strong> Per minimitzar la sensaci\u00f3 de separaci\u00f3, es va utilitzar el mateix parquet de roure a tot l\u2019habitatge.<\/p>\n<p>Es va mantenir la distribuci\u00f3 del passad\u00eds llarg original, per\u00f2 eliminant les portes dels distribu\u00efdors, elevant el sostre al m\u00e0xim possible i revestint tot un lateral amb llistons de fusta. L\u2019enllistonat de fusta, a m\u00e9s de ser una de les peces decoratives centrals, tamb\u00e9 amaga la porta d\u2019acc\u00e9s a un bany i un armari.<\/p>\n<\/div><\/div><\/div><\/div><\/div><div class=\"fusion-fullwidth fullwidth-box fusion-builder-row-5 fusion-flex-container has-pattern-background has-mask-background hundred-percent-fullwidth non-hundred-percent-height-scrolling fusion-animated\" style=\"--awb-border-sizes-left:0;--awb-border-sizes-right:0;--awb-border-radius-top-left:0px;--awb-border-radius-top-right:0px;--awb-border-radius-bottom-right:0px;--awb-border-radius-bottom-left:0px;--awb-flex-wrap:wrap;\" data-animationType=\"slideInUp\" data-animationDuration=\"1.0\" data-animationOffset=\"top-into-view\" ><div class=\"fusion-builder-row fusion-row fusion-flex-align-items-flex-start fusion-flex-justify-content-space-between fusion-flex-content-wrap\" style=\"width:104% !important;max-width:104% !important;margin-left: calc(-4% \/ 2 );margin-right: calc(-4% \/ 2 );\"><div class=\"fusion-layout-column fusion_builder_column fusion-builder-column-6 fusion_builder_column_1_2 1_2 fusion-flex-column\" style=\"--awb-bg-size:cover;--awb-width-large:50%;--awb-margin-top-large:0px;--awb-spacing-right-large:3.84%;--awb-margin-bottom-large:20px;--awb-spacing-left-large:3.84%;--awb-width-medium:50%;--awb-order-medium:0;--awb-spacing-right-medium:3.84%;--awb-spacing-left-medium:3.84%;--awb-width-small:100%;--awb-order-small:0;--awb-spacing-right-small:1.92%;--awb-spacing-left-small:1.92%;\" data-scroll-devices=\"small-visibility,medium-visibility,large-visibility\"><div class=\"fusion-column-wrapper fusion-column-has-shadow fusion-flex-justify-content-flex-start fusion-content-layout-column\"><div class=\"fusion-image-element \" style=\"--awb-caption-title-font-family:var(--h2_typography-font-family);--awb-caption-title-font-weight:var(--h2_typography-font-weight);--awb-caption-title-font-style:var(--h2_typography-font-style);--awb-caption-title-size:var(--h2_typography-font-size);--awb-caption-title-transform:var(--h2_typography-text-transform);--awb-caption-title-line-height:var(--h2_typography-line-height);--awb-caption-title-letter-spacing:var(--h2_typography-letter-spacing);\"><span class=\" fusion-imageframe imageframe-none imageframe-3 hover-type-none\"><img decoding=\"async\" width=\"1000\" height=\"667\" alt=\"Habitaci\u00f3n doble de la reforma del piso de Barcelona\" title=\"Habitaci\u00f3 doble de la reforma del pis de Barcelona\" src=\"https:\/\/claralleal.com\/wp-content\/uploads\/2024\/01\/reforma-pis-barcelona-habitacio.jpg\" class=\"img-responsive wp-image-10634\" srcset=\"https:\/\/claralleal.com\/wp-content\/uploads\/2024\/01\/reforma-pis-barcelona-habitacio-200x133.jpg 200w, https:\/\/claralleal.com\/wp-content\/uploads\/2024\/01\/reforma-pis-barcelona-habitacio-400x267.jpg 400w, https:\/\/claralleal.com\/wp-content\/uploads\/2024\/01\/reforma-pis-barcelona-habitacio-600x400.jpg 600w, https:\/\/claralleal.com\/wp-content\/uploads\/2024\/01\/reforma-pis-barcelona-habitacio-800x534.jpg 800w, https:\/\/claralleal.com\/wp-content\/uploads\/2024\/01\/reforma-pis-barcelona-habitacio.jpg 1000w\" sizes=\"(max-width: 640px) 100vw, 800px\" \/><\/span><\/div><\/div><\/div><div class=\"fusion-layout-column fusion_builder_column fusion-builder-column-7 fusion_builder_column_1_2 1_2 fusion-flex-column\" style=\"--awb-bg-size:cover;--awb-width-large:50%;--awb-margin-top-large:0px;--awb-spacing-right-large:3.84%;--awb-margin-bottom-large:20px;--awb-spacing-left-large:3.84%;--awb-width-medium:50%;--awb-order-medium:0;--awb-spacing-right-medium:3.84%;--awb-spacing-left-medium:3.84%;--awb-width-small:100%;--awb-order-small:0;--awb-spacing-right-small:1.92%;--awb-spacing-left-small:1.92%;\" data-scroll-devices=\"small-visibility,medium-visibility,large-visibility\"><div class=\"fusion-column-wrapper fusion-column-has-shadow fusion-flex-justify-content-space-around fusion-content-layout-column\"><div class=\"fusion-image-element \" style=\"--awb-caption-title-font-family:var(--h2_typography-font-family);--awb-caption-title-font-weight:var(--h2_typography-font-weight);--awb-caption-title-font-style:var(--h2_typography-font-style);--awb-caption-title-size:var(--h2_typography-font-size);--awb-caption-title-transform:var(--h2_typography-text-transform);--awb-caption-title-line-height:var(--h2_typography-line-height);--awb-caption-title-letter-spacing:var(--h2_typography-letter-spacing);\"><span class=\" fusion-imageframe imageframe-none imageframe-4 hover-type-none\"><img decoding=\"async\" width=\"1000\" height=\"667\" alt=\"Vista del dormitorio principal\" title=\"Vista del dormitori principal\" src=\"https:\/\/claralleal.com\/wp-content\/uploads\/2024\/01\/reforma-piso-barcelona-dormitorio.jpg\" class=\"img-responsive wp-image-10623\" srcset=\"https:\/\/claralleal.com\/wp-content\/uploads\/2024\/01\/reforma-piso-barcelona-dormitorio-200x133.jpg 200w, https:\/\/claralleal.com\/wp-content\/uploads\/2024\/01\/reforma-piso-barcelona-dormitorio-400x267.jpg 400w, https:\/\/claralleal.com\/wp-content\/uploads\/2024\/01\/reforma-piso-barcelona-dormitorio-600x400.jpg 600w, https:\/\/claralleal.com\/wp-content\/uploads\/2024\/01\/reforma-piso-barcelona-dormitorio-800x534.jpg 800w, https:\/\/claralleal.com\/wp-content\/uploads\/2024\/01\/reforma-piso-barcelona-dormitorio.jpg 1000w\" sizes=\"(max-width: 640px) 100vw, 800px\" \/><\/span><\/div><\/div><\/div><\/div><\/div><div class=\"fusion-fullwidth fullwidth-box fusion-builder-row-6 fusion-flex-container has-pattern-background has-mask-background hundred-percent-fullwidth non-hundred-percent-height-scrolling fusion-animated\" style=\"--awb-border-sizes-left:0;--awb-border-sizes-right:0;--awb-border-radius-top-left:0px;--awb-border-radius-top-right:0px;--awb-border-radius-bottom-right:0px;--awb-border-radius-bottom-left:0px;--awb-flex-wrap:wrap;\" data-animationType=\"slideInUp\" data-animationDuration=\"1.0\" data-animationOffset=\"top-into-view\" ><div class=\"fusion-builder-row fusion-row fusion-flex-align-items-flex-start fusion-flex-justify-content-space-between fusion-flex-content-wrap\" style=\"width:104% !important;max-width:104% !important;margin-left: calc(-4% \/ 2 );margin-right: calc(-4% \/ 2 );\"><div class=\"fusion-layout-column fusion_builder_column fusion-builder-column-8 fusion_builder_column_1_2 1_2 fusion-flex-column\" style=\"--awb-bg-size:cover;--awb-width-large:50%;--awb-margin-top-large:0px;--awb-spacing-right-large:3.84%;--awb-margin-bottom-large:20px;--awb-spacing-left-large:3.84%;--awb-width-medium:50%;--awb-order-medium:0;--awb-spacing-right-medium:3.84%;--awb-spacing-left-medium:3.84%;--awb-width-small:100%;--awb-order-small:0;--awb-spacing-right-small:1.92%;--awb-spacing-left-small:1.92%;\" data-scroll-devices=\"small-visibility,medium-visibility,large-visibility\"><div class=\"fusion-column-wrapper fusion-column-has-shadow fusion-flex-justify-content-flex-start fusion-content-layout-column\"><div class=\"fusion-image-element \" style=\"--awb-caption-title-font-family:var(--h2_typography-font-family);--awb-caption-title-font-weight:var(--h2_typography-font-weight);--awb-caption-title-font-style:var(--h2_typography-font-style);--awb-caption-title-size:var(--h2_typography-font-size);--awb-caption-title-transform:var(--h2_typography-text-transform);--awb-caption-title-line-height:var(--h2_typography-line-height);--awb-caption-title-letter-spacing:var(--h2_typography-letter-spacing);\"><span class=\" fusion-imageframe imageframe-none imageframe-5 hover-type-none\"><img decoding=\"async\" width=\"1000\" height=\"667\" alt=\"Vista del lavadero\" title=\"Vista del safareig\" src=\"https:\/\/claralleal.com\/wp-content\/uploads\/2024\/01\/reforma-pis-barcelona-safareig.jpg\" class=\"img-responsive wp-image-10636\" srcset=\"https:\/\/claralleal.com\/wp-content\/uploads\/2024\/01\/reforma-pis-barcelona-safareig-200x133.jpg 200w, https:\/\/claralleal.com\/wp-content\/uploads\/2024\/01\/reforma-pis-barcelona-safareig-400x267.jpg 400w, https:\/\/claralleal.com\/wp-content\/uploads\/2024\/01\/reforma-pis-barcelona-safareig-600x400.jpg 600w, https:\/\/claralleal.com\/wp-content\/uploads\/2024\/01\/reforma-pis-barcelona-safareig-800x534.jpg 800w, https:\/\/claralleal.com\/wp-content\/uploads\/2024\/01\/reforma-pis-barcelona-safareig.jpg 1000w\" sizes=\"(max-width: 640px) 100vw, 800px\" \/><\/span><\/div><\/div><\/div><div class=\"fusion-layout-column fusion_builder_column fusion-builder-column-9 fusion_builder_column_1_2 1_2 fusion-flex-column\" style=\"--awb-bg-size:cover;--awb-width-large:50%;--awb-margin-top-large:0px;--awb-spacing-right-large:3.84%;--awb-margin-bottom-large:20px;--awb-spacing-left-large:3.84%;--awb-width-medium:50%;--awb-order-medium:0;--awb-spacing-right-medium:3.84%;--awb-spacing-left-medium:3.84%;--awb-width-small:100%;--awb-order-small:0;--awb-spacing-right-small:1.92%;--awb-spacing-left-small:1.92%;\" data-scroll-devices=\"small-visibility,medium-visibility,large-visibility\"><div class=\"fusion-column-wrapper fusion-column-has-shadow fusion-flex-justify-content-space-around fusion-content-layout-column\"><div class=\"fusion-image-element \" style=\"--awb-caption-title-font-family:var(--h2_typography-font-family);--awb-caption-title-font-weight:var(--h2_typography-font-weight);--awb-caption-title-font-style:var(--h2_typography-font-style);--awb-caption-title-size:var(--h2_typography-font-size);--awb-caption-title-transform:var(--h2_typography-text-transform);--awb-caption-title-line-height:var(--h2_typography-line-height);--awb-caption-title-letter-spacing:var(--h2_typography-letter-spacing);\"><span class=\" fusion-imageframe imageframe-none imageframe-6 hover-type-none\"><img decoding=\"async\" width=\"1000\" height=\"667\" alt=\"Vista del ba\u00f1o \" title=\"Vista del bany\" src=\"https:\/\/claralleal.com\/wp-content\/uploads\/2024\/01\/reforma-pis-barcelona-lavabo.jpg\" class=\"img-responsive wp-image-10638\" srcset=\"https:\/\/claralleal.com\/wp-content\/uploads\/2024\/01\/reforma-pis-barcelona-lavabo-200x133.jpg 200w, https:\/\/claralleal.com\/wp-content\/uploads\/2024\/01\/reforma-pis-barcelona-lavabo-400x267.jpg 400w, https:\/\/claralleal.com\/wp-content\/uploads\/2024\/01\/reforma-pis-barcelona-lavabo-600x400.jpg 600w, https:\/\/claralleal.com\/wp-content\/uploads\/2024\/01\/reforma-pis-barcelona-lavabo-800x534.jpg 800w, https:\/\/claralleal.com\/wp-content\/uploads\/2024\/01\/reforma-pis-barcelona-lavabo.jpg 1000w\" sizes=\"(max-width: 640px) 100vw, 800px\" \/><\/span><\/div><\/div><\/div><\/div><\/div><div class=\"fusion-fullwidth fullwidth-box fusion-builder-row-7 fusion-flex-container has-pattern-background has-mask-background nonhundred-percent-fullwidth non-hundred-percent-height-scrolling\" style=\"--awb-border-radius-top-left:0px;--awb-border-radius-top-right:0px;--awb-border-radius-bottom-right:0px;--awb-border-radius-bottom-left:0px;--awb-flex-wrap:wrap;\" ><div class=\"fusion-builder-row fusion-row fusion-flex-align-items-flex-start fusion-flex-content-wrap\" style=\"max-width:1352px;margin-left: calc(-4% \/ 2 );margin-right: calc(-4% \/ 2 );\"><div class=\"fusion-layout-column fusion_builder_column fusion-builder-column-10 fusion_builder_column_1_1 1_1 fusion-flex-column fusion-flex-align-self-flex-end\" style=\"--awb-bg-size:cover;--awb-width-large:100%;--awb-margin-top-large:0px;--awb-spacing-right-large:1.92%;--awb-margin-bottom-large:20px;--awb-spacing-left-large:1.92%;--awb-width-medium:100%;--awb-order-medium:0;--awb-spacing-right-medium:1.92%;--awb-spacing-left-medium:1.92%;--awb-width-small:100%;--awb-order-small:0;--awb-spacing-right-small:1.92%;--awb-spacing-left-small:1.92%;\" data-scroll-devices=\"small-visibility,medium-visibility,large-visibility\"><div class=\"fusion-column-wrapper fusion-column-has-shadow fusion-flex-justify-content-flex-start fusion-content-layout-column\"><div class=\"fusion-title title fusion-title-3 fusion-sep-none fusion-title-text fusion-title-size-two\" style=\"--awb-margin-top-small:10px;--awb-margin-right-small:0px;--awb-margin-bottom-small:10px;--awb-margin-left-small:0px;\"><h2 class=\"fusion-title-heading title-heading-left\" style=\"margin:0;\">Un habitatge \u00abvestit\u00bb d&#8217;obres d&#8217;art<\/h2><\/div><div class=\"fusion-text fusion-text-4\"><p>Un dels punts clau d\u2019aquest projecte \u00e9s <strong>la sensibilitat especial del propietari per l\u2019art<\/strong>. Des del principi, tenia clar que l\u2019habitatge estaria vestit amb obres d\u2019art, tant de pintura com d\u2019escultura.<\/p>\n<p>Al sal\u00f3\u2013menjador hi ha un rac\u00f3 que definim com \u201cEl rac\u00f3 de les Senyores\u201d, on comparteixen espai un imponent quadre de Lita Cabellut, P\u00e8tals Capritxosos, amb una geisha, i una voluminosa escultura feta amb tires de ferro de Juanma Noguera, La Menina.<\/p>\n<p>\u201cLes Senyores\u201d, malgrat les seves grans dimensions i protagonisme, visualment no interfereixen entre si.<\/p>\n<p><strong>A la resta de l\u2019habitatge tamb\u00e9 hi trobem altres obres d\u2019artistes reconeguts com Antoni T\u00e0pies, Marc Figueras, Laura Bofill, Carla Tarruella o Josep Bofill.<\/strong><\/p>\n<\/div><\/div><\/div><\/div><\/div><div class=\"fusion-fullwidth fullwidth-box fusion-builder-row-8 fusion-flex-container has-pattern-background has-mask-background hundred-percent-fullwidth non-hundred-percent-height-scrolling fusion-animated\" style=\"--awb-border-radius-top-left:0px;--awb-border-radius-top-right:0px;--awb-border-radius-bottom-right:0px;--awb-border-radius-bottom-left:0px;--awb-padding-top:30px;--awb-margin-top:30px;--awb-flex-wrap:wrap;\" data-animationType=\"fadeInLeft\" data-animationDuration=\"0.3\" data-animationOffset=\"top-into-view\" ><div class=\"fusion-builder-row fusion-row fusion-flex-align-items-flex-start fusion-flex-justify-content-center fusion-flex-content-wrap\" style=\"width:104% !important;max-width:104% !important;margin-left: calc(-4% \/ 2 );margin-right: calc(-4% \/ 2 );\"><div class=\"fusion-layout-column fusion_builder_column fusion-builder-column-11 fusion_builder_column_2_3 2_3 fusion-flex-column fusion-flex-align-self-flex-start\" style=\"--awb-bg-size:cover;--awb-width-large:66.666666666667%;--awb-margin-top-large:0px;--awb-spacing-right-large:2.88%;--awb-margin-bottom-large:20px;--awb-spacing-left-large:2.88%;--awb-width-medium:66.666666666667%;--awb-order-medium:0;--awb-spacing-right-medium:2.88%;--awb-spacing-left-medium:2.88%;--awb-width-small:100%;--awb-order-small:0;--awb-spacing-right-small:1.92%;--awb-spacing-left-small:1.92%;\" data-scroll-devices=\"small-visibility,medium-visibility,large-visibility\"><div class=\"fusion-column-wrapper fusion-column-has-shadow fusion-flex-justify-content-center fusion-content-layout-row\"><div class=\"fusion-image-element \" style=\"--awb-caption-title-font-family:var(--h2_typography-font-family);--awb-caption-title-font-weight:var(--h2_typography-font-weight);--awb-caption-title-font-style:var(--h2_typography-font-style);--awb-caption-title-size:var(--h2_typography-font-size);--awb-caption-title-transform:var(--h2_typography-text-transform);--awb-caption-title-line-height:var(--h2_typography-line-height);--awb-caption-title-letter-spacing:var(--h2_typography-letter-spacing);\"><span class=\" fusion-imageframe imageframe-none imageframe-7 hover-type-none\"><img decoding=\"async\" width=\"1000\" height=\"667\" alt=\"detall del cuadre\" title=\"detall del cuadre\" src=\"https:\/\/claralleal.com\/wp-content\/uploads\/2024\/01\/reforma-pis-barcelona-clara-lleal-interiorista-5.jpg\" class=\"img-responsive wp-image-10640\" srcset=\"https:\/\/claralleal.com\/wp-content\/uploads\/2024\/01\/reforma-pis-barcelona-clara-lleal-interiorista-5-200x133.jpg 200w, https:\/\/claralleal.com\/wp-content\/uploads\/2024\/01\/reforma-pis-barcelona-clara-lleal-interiorista-5-400x267.jpg 400w, https:\/\/claralleal.com\/wp-content\/uploads\/2024\/01\/reforma-pis-barcelona-clara-lleal-interiorista-5-600x400.jpg 600w, https:\/\/claralleal.com\/wp-content\/uploads\/2024\/01\/reforma-pis-barcelona-clara-lleal-interiorista-5-800x534.jpg 800w, https:\/\/claralleal.com\/wp-content\/uploads\/2024\/01\/reforma-pis-barcelona-clara-lleal-interiorista-5.jpg 1000w\" sizes=\"(max-width: 640px) 100vw, 1000px\" \/><\/span><\/div><\/div><\/div><div class=\"fusion-layout-column fusion_builder_column fusion-builder-column-12 fusion_builder_column_1_3 1_3 fusion-flex-column fusion-flex-align-self-flex-start\" style=\"--awb-bg-size:cover;--awb-width-large:33.333333333333%;--awb-margin-top-large:0px;--awb-spacing-right-large:5.76%;--awb-margin-bottom-large:0px;--awb-spacing-left-large:5.76%;--awb-width-medium:33.333333333333%;--awb-order-medium:0;--awb-spacing-right-medium:5.76%;--awb-spacing-left-medium:5.76%;--awb-width-small:100%;--awb-order-small:0;--awb-spacing-right-small:1.92%;--awb-spacing-left-small:1.92%;\" data-scroll-devices=\"small-visibility,medium-visibility,large-visibility\"><div class=\"fusion-column-wrapper fusion-column-has-shadow fusion-flex-justify-content-center fusion-content-layout-row\"><div class=\"fusion-image-element \" style=\"--awb-caption-title-font-family:var(--h2_typography-font-family);--awb-caption-title-font-weight:var(--h2_typography-font-weight);--awb-caption-title-font-style:var(--h2_typography-font-style);--awb-caption-title-size:var(--h2_typography-font-size);--awb-caption-title-transform:var(--h2_typography-text-transform);--awb-caption-title-line-height:var(--h2_typography-line-height);--awb-caption-title-letter-spacing:var(--h2_typography-letter-spacing);\"><span class=\" fusion-imageframe imageframe-none imageframe-8 hover-type-none\"><img decoding=\"async\" width=\"350\" height=\"663\" alt=\"Detalle del cuadro del comedor\" title=\"Detall del cuadre del menjador\" src=\"https:\/\/claralleal.com\/wp-content\/uploads\/2024\/01\/reforma-pis-barcelona-detall-quadre.jpg\" class=\"img-responsive wp-image-10642\" srcset=\"https:\/\/claralleal.com\/wp-content\/uploads\/2024\/01\/reforma-pis-barcelona-detall-quadre-200x379.jpg 200w, https:\/\/claralleal.com\/wp-content\/uploads\/2024\/01\/reforma-pis-barcelona-detall-quadre.jpg 350w\" sizes=\"(max-width: 640px) 100vw, 350px\" \/><\/span><\/div><\/div><\/div><\/div><\/div><div class=\"fusion-fullwidth fullwidth-box fusion-builder-row-9 fusion-flex-container has-pattern-background has-mask-background hundred-percent-fullwidth non-hundred-percent-height-scrolling\" style=\"--awb-border-radius-top-left:0px;--awb-border-radius-top-right:0px;--awb-border-radius-bottom-right:0px;--awb-border-radius-bottom-left:0px;--awb-flex-wrap:wrap;\" ><div class=\"fusion-builder-row fusion-row fusion-flex-align-items-flex-start fusion-flex-content-wrap\" style=\"width:104% !important;max-width:104% !important;margin-left: calc(-4% \/ 2 );margin-right: calc(-4% \/ 2 );\"><div class=\"fusion-layout-column fusion_builder_column fusion-builder-column-13 fusion_builder_column_1_1 1_1 fusion-flex-column fusion-flex-align-self-center\" style=\"--awb-bg-size:cover;--awb-width-large:100%;--awb-margin-top-large:0px;--awb-spacing-right-large:1.92%;--awb-margin-bottom-large:20px;--awb-spacing-left-large:1.92%;--awb-width-medium:100%;--awb-order-medium:0;--awb-spacing-right-medium:1.92%;--awb-spacing-left-medium:1.92%;--awb-width-small:100%;--awb-order-small:0;--awb-spacing-right-small:1.92%;--awb-spacing-left-small:1.92%;\" data-scroll-devices=\"small-visibility,medium-visibility,large-visibility\"><div class=\"fusion-column-wrapper fusion-column-has-shadow fusion-flex-justify-content-flex-start fusion-content-layout-column\"><div class=\"fusion-image-element \" style=\"text-align:center;--awb-caption-title-font-family:var(--h2_typography-font-family);--awb-caption-title-font-weight:var(--h2_typography-font-weight);--awb-caption-title-font-style:var(--h2_typography-font-style);--awb-caption-title-size:var(--h2_typography-font-size);--awb-caption-title-transform:var(--h2_typography-text-transform);--awb-caption-title-line-height:var(--h2_typography-line-height);--awb-caption-title-letter-spacing:var(--h2_typography-letter-spacing);\"><span class=\" fusion-imageframe imageframe-none imageframe-9 hover-type-none\"><img decoding=\"async\" width=\"1000\" height=\"667\" alt=\"Vista del ba\u00f1o desde la puerta\" title=\"Vista del bany des de la porta\" src=\"https:\/\/claralleal.com\/wp-content\/uploads\/2024\/01\/reforma-pis-barcelona-detall-lavabo.jpg\" class=\"img-responsive wp-image-10644\" srcset=\"https:\/\/claralleal.com\/wp-content\/uploads\/2024\/01\/reforma-pis-barcelona-detall-lavabo-200x133.jpg 200w, https:\/\/claralleal.com\/wp-content\/uploads\/2024\/01\/reforma-pis-barcelona-detall-lavabo-400x267.jpg 400w, https:\/\/claralleal.com\/wp-content\/uploads\/2024\/01\/reforma-pis-barcelona-detall-lavabo-600x400.jpg 600w, https:\/\/claralleal.com\/wp-content\/uploads\/2024\/01\/reforma-pis-barcelona-detall-lavabo-800x534.jpg 800w, https:\/\/claralleal.com\/wp-content\/uploads\/2024\/01\/reforma-pis-barcelona-detall-lavabo.jpg 1000w\" sizes=\"(max-width: 640px) 100vw, 1000px\" \/><\/span><\/div><\/div><\/div><\/div><\/div><div class=\"fusion-fullwidth fullwidth-box fusion-builder-row-10 fusion-flex-container has-pattern-background has-mask-background nonhundred-percent-fullwidth non-hundred-percent-height-scrolling\" style=\"--awb-border-radius-top-left:0px;--awb-border-radius-top-right:0px;--awb-border-radius-bottom-right:0px;--awb-border-radius-bottom-left:0px;--awb-margin-top:50px;--awb-margin-bottom:50px;--awb-flex-wrap:wrap;\" ><div class=\"fusion-builder-row fusion-row fusion-flex-align-items-flex-start fusion-flex-content-wrap\" style=\"max-width:1352px;margin-left: calc(-4% \/ 2 );margin-right: calc(-4% \/ 2 );\"><div class=\"fusion-layout-column fusion_builder_column fusion-builder-column-14 fusion_builder_column_1_2 1_2 fusion-flex-column\" style=\"--awb-bg-size:cover;--awb-width-large:50%;--awb-margin-top-large:0px;--awb-spacing-right-large:3.84%;--awb-margin-bottom-large:20px;--awb-spacing-left-large:3.84%;--awb-width-medium:50%;--awb-order-medium:0;--awb-spacing-right-medium:3.84%;--awb-spacing-left-medium:3.84%;--awb-width-small:100%;--awb-order-small:0;--awb-spacing-right-small:1.92%;--awb-spacing-left-small:1.92%;\"><div class=\"fusion-column-wrapper fusion-column-has-shadow fusion-flex-justify-content-flex-start fusion-content-layout-column\"><div class=\"fusion-text fusion-text-5 texto-negro\" id=\"texto-negro\"><p><strong>T&#8217;ha agradat aquest projecte?<\/strong><\/p>\n<\/div><div class=\"fusion-title title fusion-title-4 fusion-sep-none fusion-title-text fusion-title-size-two\" style=\"--awb-margin-top-small:10px;--awb-margin-right-small:0px;--awb-margin-bottom-small:10px;--awb-margin-left-small:0px;\"><h2 class=\"fusion-title-heading title-heading-left\" style=\"margin:0;\">Explica&#8217;ns qu\u00e8 podem fer junts<\/h2><\/div><\/div><\/div><div class=\"fusion-layout-column fusion_builder_column fusion-builder-column-15 fusion_builder_column_1_2 1_2 fusion-flex-column fusion-no-small-visibility\" style=\"--awb-bg-size:cover;--awb-width-large:50%;--awb-margin-top-large:0px;--awb-spacing-right-large:3.84%;--awb-margin-bottom-large:20px;--awb-spacing-left-large:3.84%;--awb-width-medium:50%;--awb-order-medium:0;--awb-spacing-right-medium:3.84%;--awb-spacing-left-medium:3.84%;--awb-width-small:100%;--awb-order-small:0;--awb-spacing-right-small:1.92%;--awb-spacing-left-small:1.92%;\" data-scroll-devices=\"small-visibility,medium-visibility,large-visibility\"><div class=\"fusion-column-wrapper fusion-column-has-shadow fusion-flex-justify-content-flex-start fusion-content-layout-column\"><div class=\"fusion-separator fusion-full-width-sep\" style=\"align-self: flex-end;margin-left:auto;margin-top:100px;width:100%;\"><div class=\"fusion-separator-border sep-single sep-solid\" style=\"--awb-height:20px;--awb-amount:20px;--awb-sep-color:#000000;border-color:#000000;border-top-width:1px;\"><\/div><\/div><\/div><\/div><div class=\"fusion-layout-column fusion_builder_column fusion-builder-column-16 fusion_builder_column_1_3 1_3 fusion-flex-column\" style=\"--awb-bg-image:url(&#039;https:\/\/claralleal.com\/wp-content\/uploads\/2024\/02\/clara-lleal-formulario.webp&#039;);--awb-bg-size:cover;--awb-width-large:33.333333333333%;--awb-margin-top-large:0px;--awb-spacing-right-large:5.76%;--awb-margin-bottom-large:20px;--awb-spacing-left-large:5.76%;--awb-width-medium:33.333333333333%;--awb-order-medium:0;--awb-spacing-right-medium:5.76%;--awb-spacing-left-medium:5.76%;--awb-width-small:100%;--awb-order-small:0;--awb-spacing-right-small:1.92%;--awb-spacing-left-small:1.92%;\" data-scroll-devices=\"small-visibility,medium-visibility,large-visibility\"><div class=\"fusion-column-wrapper fusion-column-has-shadow fusion-flex-justify-content-flex-start fusion-content-layout-column fusion-column-has-bg-image\" data-bg-url=\"https:\/\/claralleal.com\/wp-content\/uploads\/2024\/02\/clara-lleal-formulario.webp\"><div class=\"fusion-image-element \" style=\"--awb-caption-title-font-family:var(--h2_typography-font-family);--awb-caption-title-font-weight:var(--h2_typography-font-weight);--awb-caption-title-font-style:var(--h2_typography-font-style);--awb-caption-title-size:var(--h2_typography-font-size);--awb-caption-title-transform:var(--h2_typography-text-transform);--awb-caption-title-line-height:var(--h2_typography-line-height);--awb-caption-title-letter-spacing:var(--h2_typography-letter-spacing);\"><span class=\" fusion-imageframe imageframe-none imageframe-10 hover-type-none\"><img decoding=\"async\" width=\"1000\" height=\"1243\" alt=\"Clara Lleal Barcelona\" title=\"Clara Lleal Barcelona\" src=\"https:\/\/claralleal.com\/wp-content\/uploads\/2024\/02\/clara-lleal-formulario.webp\" class=\"img-responsive wp-image-10352\" srcset=\"https:\/\/claralleal.com\/wp-content\/uploads\/2024\/02\/clara-lleal-formulario-200x249.webp 200w, https:\/\/claralleal.com\/wp-content\/uploads\/2024\/02\/clara-lleal-formulario-400x497.webp 400w, https:\/\/claralleal.com\/wp-content\/uploads\/2024\/02\/clara-lleal-formulario-600x746.webp 600w, https:\/\/claralleal.com\/wp-content\/uploads\/2024\/02\/clara-lleal-formulario-800x994.webp 800w, https:\/\/claralleal.com\/wp-content\/uploads\/2024\/02\/clara-lleal-formulario.webp 1000w\" sizes=\"(max-width: 640px) 100vw, 400px\" \/><\/span><\/div><\/div><\/div><div class=\"fusion-layout-column fusion_builder_column fusion-builder-column-17 fusion_builder_column_2_3 2_3 fusion-flex-column\" style=\"--awb-bg-size:cover;--awb-width-large:66.666666666667%;--awb-margin-top-large:0px;--awb-spacing-right-large:2.88%;--awb-margin-bottom-large:20px;--awb-spacing-left-large:2.88%;--awb-width-medium:66.666666666667%;--awb-order-medium:0;--awb-spacing-right-medium:2.88%;--awb-spacing-left-medium:2.88%;--awb-width-small:100%;--awb-order-small:0;--awb-spacing-right-small:1.92%;--awb-spacing-left-small:1.92%;\"><div class=\"fusion-column-wrapper fusion-column-has-shadow fusion-flex-justify-content-flex-start fusion-content-layout-column\">\n<div class=\"wpcf7 no-js\" id=\"wpcf7-f10469-o1\" lang=\"es-ES\" dir=\"ltr\" data-wpcf7-id=\"10469\">\n<div class=\"screen-reader-response\"><p role=\"status\" aria-live=\"polite\" aria-atomic=\"true\"><\/p> <ul><\/ul><\/div>\n<form action=\"\/ca\/wp-json\/wp\/v2\/posts\/10616\/#wpcf7-f10469-o1\" method=\"post\" class=\"wpcf7-form init wpcf7-acceptance-as-validation\" aria-label=\"Formulario de contacto\" novalidate=\"novalidate\" data-status=\"init\">\n<fieldset class=\"hidden-fields-container\"><input type=\"hidden\" name=\"_wpcf7\" value=\"10469\" \/><input type=\"hidden\" name=\"_wpcf7_version\" value=\"6.1.5\" \/><input type=\"hidden\" name=\"_wpcf7_locale\" value=\"es_ES\" \/><input type=\"hidden\" name=\"_wpcf7_unit_tag\" value=\"wpcf7-f10469-o1\" \/><input type=\"hidden\" name=\"_wpcf7_container_post\" value=\"0\" \/><input type=\"hidden\" name=\"_wpcf7_posted_data_hash\" value=\"\" \/><input type=\"hidden\" name=\"_wpcf7_recaptcha_response\" value=\"\" \/>\n<\/fieldset>\n<div class=\"formulario-ppal\">\n\t<div class=\"formulario-ppal-row-1\">\n\t\t<div>\n\t\t\t<p><label class=\"label-nobre\">Nom*<br \/>\n<span class=\"wpcf7-form-control-wrap\" data-name=\"your-name\"><input size=\"40\" maxlength=\"400\" class=\"wpcf7-form-control wpcf7-text wpcf7-validates-as-required\" aria-required=\"true\" aria-invalid=\"false\" value=\"\" type=\"text\" name=\"your-name\" \/><\/span><\/label>\n\t\t\t<\/p>\n\t\t<\/div>\n\t\t<div>\n\t\t\t<p><label class=\"label-email\">Email*<br \/>\n<span class=\"wpcf7-form-control-wrap\" data-name=\"email\"><input size=\"40\" maxlength=\"400\" class=\"wpcf7-form-control wpcf7-email wpcf7-validates-as-required wpcf7-text wpcf7-validates-as-email\" aria-required=\"true\" aria-invalid=\"false\" value=\"\" type=\"email\" name=\"email\" \/><\/span><\/label>\n\t\t\t<\/p>\n\t\t<\/div>\n\t<\/div>\n\t<div class=\"formulario-ppal-row-2\">\n\t\t<p><label class=\"label-textarea\">Missatge <span class=\"wpcf7-form-control-wrap\" data-name=\"your-message\"><textarea cols=\"40\" rows=\"10\" maxlength=\"2000\" class=\"wpcf7-form-control wpcf7-textarea\" aria-invalid=\"false\" name=\"your-message\"><\/textarea><\/span><\/label>\n\t\t<\/p>\n\t<\/div>\n\t<div class=\"formulario-ppal-row-3\">\n\t\t<p><span class=\"wpcf7-form-control-wrap\" data-name=\"acceptance-982\"><span class=\"wpcf7-form-control wpcf7-acceptance\"><span class=\"wpcf7-list-item\"><label><input type=\"checkbox\" name=\"acceptance-982\" value=\"1\" aria-invalid=\"false\" \/><span class=\"wpcf7-list-item-label\">He llegit i accepto la <a href=\"\/politica-de-privacidad\/\" class=\"link-form-politica\">pol\u00edtica de privacitat<\/a><\/span><\/label><\/span><\/span><\/span>\n\t\t<\/p>\n\t<\/div>\n\t<div class=\"formulario-ppal-row-4\">\n\t\t<div>\n\t\t\t<div class=\"formulario-texto-legal\">\n\t\t\t\t<p>Responsable: Clara Lleal Finalitat: gestionar la sol\u00b7licitud en aquest formulari i si, finalment ets client, remetre informaci\u00f3 sobre l'estat del servei contractat i comunicacions sobre l'empresa. Legitimaci\u00f3: consentiment de l'interessat. Drets: Podr\u00e0s exercir els teus drets d'acc\u00e9s, rectificaci\u00f3, limitaci\u00f3 i suprimir les dades en <a href=\"mailto:hola@claralleal.com\">hola@claralleal.com<\/a> aix\u00ed com el dret a presentar una reclamaci\u00f3 davant una autoritat de control. Informaci\u00f3 addicional: aqu\u00ed, trobar\u00e0s informaci\u00f3 addicional sobre la recopilaci\u00f3 i l'\u00fas de la seva informaci\u00f3 personal, inclosa informaci\u00f3 sobre acc\u00e9s, conservaci\u00f3, rectificaci\u00f3, eliminaci\u00f3, seguretat, i altres temes.\n\t\t\t\t<\/p>\n\t\t\t<\/div>\n\t\t<\/div>\n\t\t<div>\n\t\t\t<p><input class=\"wpcf7-form-control wpcf7-submit has-spinner custom-button-blue\" type=\"submit\" value=\"Enviar\" \/>\n\t\t\t<\/p>\n\t\t<\/div>\n\t<\/div>\n<\/div><div class=\"fusion-alert alert custom alert-custom fusion-alert-center wpcf7-response-output awb-alert-native-link-color alert-dismissable awb-alert-close-boxed\" style=\"--awb-border-size:1px;--awb-border-top-left-radius:0px;--awb-border-top-right-radius:0px;--awb-border-bottom-left-radius:0px;--awb-border-bottom-right-radius:0px;\" role=\"alert\"><div class=\"fusion-alert-content-wrapper\"><span class=\"fusion-alert-content\"><\/span><\/div><button type=\"button\" class=\"close toggle-alert\" data-dismiss=\"alert\" aria-label=\"Close\">&times;<\/button><\/div>\n<\/form>\n<\/div>\n<\/div><\/div><\/div><\/div><\/p>\n","protected":false},"excerpt":{"rendered":"","protected":false},"author":3,"featured_media":10628,"comment_status":"closed","ping_status":"closed","sticky":false,"template":"","format":"standard","meta":{"footnotes":""},"categories":[101],"tags":[],"class_list":["post-10616","post","type-post","status-publish","format-standard","has-post-thumbnail","hentry","category-projecte"],"yoast_head":"<!-- This site is optimized with the Yoast SEO plugin v27.4 - https:\/\/yoast.com\/product\/yoast-seo-wordpress\/ -->\n<title>Reforma d&#039;un pis, la llum \u00e9s protagonista | Clara Lleal Interiorisme<\/title>\n<meta name=\"description\" content=\"Llum, llum i m\u00e9s llum! Objectiu d&#039;aquest projecte de reforma a Barcelona. El propietari proposa plantejar-la de nou amb espais oberts i lluminosos.\" \/>\n<meta name=\"robots\" content=\"index, follow, max-snippet:-1, max-image-preview:large, max-video-preview:-1\" \/>\n<link rel=\"canonical\" href=\"https:\/\/claralleal.com\/ca\/projecte-reforma-barcelona\/\" \/>\n<meta property=\"og:locale\" content=\"ca_ES\" \/>\n<meta property=\"og:type\" content=\"article\" \/>\n<meta property=\"og:title\" content=\"Reforma d&#039;un pis, la llum \u00e9s protagonista | Clara Lleal Interiorisme\" \/>\n<meta property=\"og:description\" content=\"Llum, llum i m\u00e9s llum! Objectiu d&#039;aquest projecte de reforma a Barcelona. El propietari proposa plantejar-la de nou amb espais oberts i lluminosos.\" \/>\n<meta property=\"og:url\" content=\"https:\/\/claralleal.com\/ca\/projecte-reforma-barcelona\/\" \/>\n<meta property=\"og:site_name\" content=\"Clara Lleal Interiorista\" \/>\n<meta property=\"article:published_time\" content=\"2024-01-31T15:54:03+00:00\" \/>\n<meta property=\"article:modified_time\" content=\"2026-04-13T11:55:23+00:00\" \/>\n<meta property=\"og:image\" content=\"https:\/\/claralleal.com\/wp-content\/uploads\/2024\/01\/reforma-barcelona-menjador.jpg\" \/>\n\t<meta property=\"og:image:width\" content=\"1920\" \/>\n\t<meta property=\"og:image:height\" content=\"1272\" \/>\n\t<meta property=\"og:image:type\" content=\"image\/jpeg\" \/>\n<meta name=\"author\" content=\"Clara Lleal\" \/>\n<script type=\"application\/ld+json\" class=\"yoast-schema-graph\">{\"@context\":\"https:\\\/\\\/schema.org\",\"@graph\":[{\"@type\":\"Article\",\"@id\":\"https:\\\/\\\/claralleal.com\\\/ca\\\/projecte-reforma-barcelona\\\/#article\",\"isPartOf\":{\"@id\":\"https:\\\/\\\/claralleal.com\\\/ca\\\/projecte-reforma-barcelona\\\/\"},\"author\":{\"name\":\"Clara Lleal\",\"@id\":\"https:\\\/\\\/claralleal.com\\\/ca\\\/#\\\/schema\\\/person\\\/563e54087b970b717fde4bdbab83f3f0\"},\"headline\":\"Reforma d\u2019un pis a Barcelona on la llum \u00e9s la gran protagonista\",\"datePublished\":\"2024-01-31T15:54:03+00:00\",\"dateModified\":\"2026-04-13T11:55:23+00:00\",\"mainEntityOfPage\":{\"@id\":\"https:\\\/\\\/claralleal.com\\\/ca\\\/projecte-reforma-barcelona\\\/\"},\"wordCount\":19380,\"publisher\":{\"@id\":\"https:\\\/\\\/claralleal.com\\\/ca\\\/#organization\"},\"image\":{\"@id\":\"https:\\\/\\\/claralleal.com\\\/ca\\\/projecte-reforma-barcelona\\\/#primaryimage\"},\"thumbnailUrl\":\"https:\\\/\\\/claralleal.com\\\/wp-content\\\/uploads\\\/2024\\\/01\\\/reforma-barcelona-menjador.jpg\",\"articleSection\":[\"Projecte\"],\"inLanguage\":\"ca\"},{\"@type\":\"WebPage\",\"@id\":\"https:\\\/\\\/claralleal.com\\\/ca\\\/projecte-reforma-barcelona\\\/\",\"url\":\"https:\\\/\\\/claralleal.com\\\/ca\\\/projecte-reforma-barcelona\\\/\",\"name\":\"Reforma d'un pis, la llum \u00e9s protagonista | Clara Lleal Interiorisme\",\"isPartOf\":{\"@id\":\"https:\\\/\\\/claralleal.com\\\/ca\\\/#website\"},\"primaryImageOfPage\":{\"@id\":\"https:\\\/\\\/claralleal.com\\\/ca\\\/projecte-reforma-barcelona\\\/#primaryimage\"},\"image\":{\"@id\":\"https:\\\/\\\/claralleal.com\\\/ca\\\/projecte-reforma-barcelona\\\/#primaryimage\"},\"thumbnailUrl\":\"https:\\\/\\\/claralleal.com\\\/wp-content\\\/uploads\\\/2024\\\/01\\\/reforma-barcelona-menjador.jpg\",\"datePublished\":\"2024-01-31T15:54:03+00:00\",\"dateModified\":\"2026-04-13T11:55:23+00:00\",\"description\":\"Llum, llum i m\u00e9s llum! Objectiu d'aquest projecte de reforma a Barcelona. El propietari proposa plantejar-la de nou amb espais oberts i lluminosos.\",\"breadcrumb\":{\"@id\":\"https:\\\/\\\/claralleal.com\\\/ca\\\/projecte-reforma-barcelona\\\/#breadcrumb\"},\"inLanguage\":\"ca\",\"potentialAction\":[{\"@type\":\"ReadAction\",\"target\":[\"https:\\\/\\\/claralleal.com\\\/ca\\\/projecte-reforma-barcelona\\\/\"]}]},{\"@type\":\"ImageObject\",\"inLanguage\":\"ca\",\"@id\":\"https:\\\/\\\/claralleal.com\\\/ca\\\/projecte-reforma-barcelona\\\/#primaryimage\",\"url\":\"https:\\\/\\\/claralleal.com\\\/wp-content\\\/uploads\\\/2024\\\/01\\\/reforma-barcelona-menjador.jpg\",\"contentUrl\":\"https:\\\/\\\/claralleal.com\\\/wp-content\\\/uploads\\\/2024\\\/01\\\/reforma-barcelona-menjador.jpg\",\"width\":1920,\"height\":1272,\"caption\":\"Vista del menjador de la reforma d'un pis en barcelona\"},{\"@type\":\"BreadcrumbList\",\"@id\":\"https:\\\/\\\/claralleal.com\\\/ca\\\/projecte-reforma-barcelona\\\/#breadcrumb\",\"itemListElement\":[{\"@type\":\"ListItem\",\"position\":1,\"name\":\"Portada\",\"item\":\"https:\\\/\\\/claralleal.com\\\/ca\\\/\"},{\"@type\":\"ListItem\",\"position\":2,\"name\":\"Reforma d\u2019un pis a Barcelona on la llum \u00e9s la gran protagonista\"}]},{\"@type\":\"WebSite\",\"@id\":\"https:\\\/\\\/claralleal.com\\\/ca\\\/#website\",\"url\":\"https:\\\/\\\/claralleal.com\\\/ca\\\/\",\"name\":\"Clara Lleal Interiorista\",\"description\":\"Estudio de Interiorismo en Barcelona, Badalona y Maresme\",\"publisher\":{\"@id\":\"https:\\\/\\\/claralleal.com\\\/ca\\\/#organization\"},\"potentialAction\":[{\"@type\":\"SearchAction\",\"target\":{\"@type\":\"EntryPoint\",\"urlTemplate\":\"https:\\\/\\\/claralleal.com\\\/ca\\\/?s={search_term_string}\"},\"query-input\":{\"@type\":\"PropertyValueSpecification\",\"valueRequired\":true,\"valueName\":\"search_term_string\"}}],\"inLanguage\":\"ca\"},{\"@type\":\"Organization\",\"@id\":\"https:\\\/\\\/claralleal.com\\\/ca\\\/#organization\",\"name\":\"Clara Lleal Interiorista\",\"url\":\"https:\\\/\\\/claralleal.com\\\/ca\\\/\",\"logo\":{\"@type\":\"ImageObject\",\"inLanguage\":\"ca\",\"@id\":\"https:\\\/\\\/claralleal.com\\\/ca\\\/#\\\/schema\\\/logo\\\/image\\\/\",\"url\":\"https:\\\/\\\/claralleal.com\\\/wp-content\\\/uploads\\\/2023\\\/04\\\/cropped-favicon-1.jpg\",\"contentUrl\":\"https:\\\/\\\/claralleal.com\\\/wp-content\\\/uploads\\\/2023\\\/04\\\/cropped-favicon-1.jpg\",\"width\":40,\"height\":40,\"caption\":\"Clara Lleal Interiorista \"},\"image\":{\"@id\":\"https:\\\/\\\/claralleal.com\\\/ca\\\/#\\\/schema\\\/logo\\\/image\\\/\"}},{\"@type\":\"Person\",\"@id\":\"https:\\\/\\\/claralleal.com\\\/ca\\\/#\\\/schema\\\/person\\\/563e54087b970b717fde4bdbab83f3f0\",\"name\":\"Clara Lleal\"}]}<\/script>\n<!-- \/ Yoast SEO plugin. -->","yoast_head_json":{"title":"Reforma d'un pis, la llum \u00e9s protagonista | Clara Lleal Interiorisme","description":"Llum, llum i m\u00e9s llum! Objectiu d'aquest projecte de reforma a Barcelona. El propietari proposa plantejar-la de nou amb espais oberts i lluminosos.","robots":{"index":"index","follow":"follow","max-snippet":"max-snippet:-1","max-image-preview":"max-image-preview:large","max-video-preview":"max-video-preview:-1"},"canonical":"https:\/\/claralleal.com\/ca\/projecte-reforma-barcelona\/","og_locale":"ca_ES","og_type":"article","og_title":"Reforma d'un pis, la llum \u00e9s protagonista | Clara Lleal Interiorisme","og_description":"Llum, llum i m\u00e9s llum! Objectiu d'aquest projecte de reforma a Barcelona. El propietari proposa plantejar-la de nou amb espais oberts i lluminosos.","og_url":"https:\/\/claralleal.com\/ca\/projecte-reforma-barcelona\/","og_site_name":"Clara Lleal Interiorista","article_published_time":"2024-01-31T15:54:03+00:00","article_modified_time":"2026-04-13T11:55:23+00:00","og_image":[{"width":1920,"height":1272,"url":"https:\/\/claralleal.com\/wp-content\/uploads\/2024\/01\/reforma-barcelona-menjador.jpg","type":"image\/jpeg"}],"author":"Clara Lleal","schema":{"@context":"https:\/\/schema.org","@graph":[{"@type":"Article","@id":"https:\/\/claralleal.com\/ca\/projecte-reforma-barcelona\/#article","isPartOf":{"@id":"https:\/\/claralleal.com\/ca\/projecte-reforma-barcelona\/"},"author":{"name":"Clara Lleal","@id":"https:\/\/claralleal.com\/ca\/#\/schema\/person\/563e54087b970b717fde4bdbab83f3f0"},"headline":"Reforma d\u2019un pis a Barcelona on la llum \u00e9s la gran protagonista","datePublished":"2024-01-31T15:54:03+00:00","dateModified":"2026-04-13T11:55:23+00:00","mainEntityOfPage":{"@id":"https:\/\/claralleal.com\/ca\/projecte-reforma-barcelona\/"},"wordCount":19380,"publisher":{"@id":"https:\/\/claralleal.com\/ca\/#organization"},"image":{"@id":"https:\/\/claralleal.com\/ca\/projecte-reforma-barcelona\/#primaryimage"},"thumbnailUrl":"https:\/\/claralleal.com\/wp-content\/uploads\/2024\/01\/reforma-barcelona-menjador.jpg","articleSection":["Projecte"],"inLanguage":"ca"},{"@type":"WebPage","@id":"https:\/\/claralleal.com\/ca\/projecte-reforma-barcelona\/","url":"https:\/\/claralleal.com\/ca\/projecte-reforma-barcelona\/","name":"Reforma d'un pis, la llum \u00e9s protagonista | Clara Lleal Interiorisme","isPartOf":{"@id":"https:\/\/claralleal.com\/ca\/#website"},"primaryImageOfPage":{"@id":"https:\/\/claralleal.com\/ca\/projecte-reforma-barcelona\/#primaryimage"},"image":{"@id":"https:\/\/claralleal.com\/ca\/projecte-reforma-barcelona\/#primaryimage"},"thumbnailUrl":"https:\/\/claralleal.com\/wp-content\/uploads\/2024\/01\/reforma-barcelona-menjador.jpg","datePublished":"2024-01-31T15:54:03+00:00","dateModified":"2026-04-13T11:55:23+00:00","description":"Llum, llum i m\u00e9s llum! Objectiu d'aquest projecte de reforma a Barcelona. El propietari proposa plantejar-la de nou amb espais oberts i lluminosos.","breadcrumb":{"@id":"https:\/\/claralleal.com\/ca\/projecte-reforma-barcelona\/#breadcrumb"},"inLanguage":"ca","potentialAction":[{"@type":"ReadAction","target":["https:\/\/claralleal.com\/ca\/projecte-reforma-barcelona\/"]}]},{"@type":"ImageObject","inLanguage":"ca","@id":"https:\/\/claralleal.com\/ca\/projecte-reforma-barcelona\/#primaryimage","url":"https:\/\/claralleal.com\/wp-content\/uploads\/2024\/01\/reforma-barcelona-menjador.jpg","contentUrl":"https:\/\/claralleal.com\/wp-content\/uploads\/2024\/01\/reforma-barcelona-menjador.jpg","width":1920,"height":1272,"caption":"Vista del menjador de la reforma d'un pis en barcelona"},{"@type":"BreadcrumbList","@id":"https:\/\/claralleal.com\/ca\/projecte-reforma-barcelona\/#breadcrumb","itemListElement":[{"@type":"ListItem","position":1,"name":"Portada","item":"https:\/\/claralleal.com\/ca\/"},{"@type":"ListItem","position":2,"name":"Reforma d\u2019un pis a Barcelona on la llum \u00e9s la gran protagonista"}]},{"@type":"WebSite","@id":"https:\/\/claralleal.com\/ca\/#website","url":"https:\/\/claralleal.com\/ca\/","name":"Clara Lleal Interiorista","description":"Estudio de Interiorismo en Barcelona, Badalona y Maresme","publisher":{"@id":"https:\/\/claralleal.com\/ca\/#organization"},"potentialAction":[{"@type":"SearchAction","target":{"@type":"EntryPoint","urlTemplate":"https:\/\/claralleal.com\/ca\/?s={search_term_string}"},"query-input":{"@type":"PropertyValueSpecification","valueRequired":true,"valueName":"search_term_string"}}],"inLanguage":"ca"},{"@type":"Organization","@id":"https:\/\/claralleal.com\/ca\/#organization","name":"Clara Lleal Interiorista","url":"https:\/\/claralleal.com\/ca\/","logo":{"@type":"ImageObject","inLanguage":"ca","@id":"https:\/\/claralleal.com\/ca\/#\/schema\/logo\/image\/","url":"https:\/\/claralleal.com\/wp-content\/uploads\/2023\/04\/cropped-favicon-1.jpg","contentUrl":"https:\/\/claralleal.com\/wp-content\/uploads\/2023\/04\/cropped-favicon-1.jpg","width":40,"height":40,"caption":"Clara Lleal Interiorista "},"image":{"@id":"https:\/\/claralleal.com\/ca\/#\/schema\/logo\/image\/"}},{"@type":"Person","@id":"https:\/\/claralleal.com\/ca\/#\/schema\/person\/563e54087b970b717fde4bdbab83f3f0","name":"Clara Lleal"}]}},"_links":{"self":[{"href":"https:\/\/claralleal.com\/ca\/wp-json\/wp\/v2\/posts\/10616","targetHints":{"allow":["GET"]}}],"collection":[{"href":"https:\/\/claralleal.com\/ca\/wp-json\/wp\/v2\/posts"}],"about":[{"href":"https:\/\/claralleal.com\/ca\/wp-json\/wp\/v2\/types\/post"}],"author":[{"embeddable":true,"href":"https:\/\/claralleal.com\/ca\/wp-json\/wp\/v2\/users\/3"}],"replies":[{"embeddable":true,"href":"https:\/\/claralleal.com\/ca\/wp-json\/wp\/v2\/comments?post=10616"}],"version-history":[{"count":11,"href":"https:\/\/claralleal.com\/ca\/wp-json\/wp\/v2\/posts\/10616\/revisions"}],"predecessor-version":[{"id":10914,"href":"https:\/\/claralleal.com\/ca\/wp-json\/wp\/v2\/posts\/10616\/revisions\/10914"}],"wp:featuredmedia":[{"embeddable":true,"href":"https:\/\/claralleal.com\/ca\/wp-json\/wp\/v2\/media\/10628"}],"wp:attachment":[{"href":"https:\/\/claralleal.com\/ca\/wp-json\/wp\/v2\/media?parent=10616"}],"wp:term":[{"taxonomy":"category","embeddable":true,"href":"https:\/\/claralleal.com\/ca\/wp-json\/wp\/v2\/categories?post=10616"},{"taxonomy":"post_tag","embeddable":true,"href":"https:\/\/claralleal.com\/ca\/wp-json\/wp\/v2\/tags?post=10616"}],"curies":[{"name":"wp","href":"https:\/\/api.w.org\/{rel}","templated":true}]}}